{"id":220073,"date":"2025-05-30T08:43:53","date_gmt":"2025-05-30T15:43:53","guid":{"rendered":"https:\/\/rnoticias.com.mx\/Portal\/?p=220073"},"modified":"2025-05-30T08:43:53","modified_gmt":"2025-05-30T15:43:53","slug":"claudia-sheinbaum-llama-a-votar-en-la-eleccion-judicial","status":"publish","type":"post","link":"https:\/\/rnoticias.com.mx\/Portal\/2025\/05\/30\/claudia-sheinbaum-llama-a-votar-en-la-eleccion-judicial\/","title":{"rendered":"Claudia Sheinbaum llama a votar en la elecci\u00f3n judicial"},"content":{"rendered":"<p>La presidenta Claudia Sheinbaum Pardo hizo un \u00faltimo llamado a votar en la elecci\u00f3n judicial del domingo 1 de junio.<\/p>\n<p>En la conferencia matutina de Palacio Nacional, Sheinbaum Pardo indic\u00f3 que su equipo de trabajo le indic\u00f3 que con este llamado no viola la veda electoral.<\/p>\n<blockquote><p>\u00bfYa listos para el domingo? \u00bfQui\u00e9n va a votar?\u201d, dijo entre risas.<\/p><\/blockquote>\n<p>\u201cYa me dijeron que s\u00ed puedo hablar de eso, que yo pensaba que ya no se pod\u00eda hablar desde ayer de la elecci\u00f3n\u201d puntualiz\u00f3.<\/p>\n<p>La jornada del domingo 1 de junio ser\u00e1 la primera vez que los mexicanos elijan directamente a integrantes del Poder Judicial entre ellos a los integrantes de la Suprema Corte de Justicia de la Naci\u00f3n, del nuevo Tribunal de Disciplina Judicial y del Tribunal Electoral del Poder Judicial de la Federaci\u00f3n (TEPJF), en un proceso que ha generado tanto expectativa como pol\u00e9mica por su alcance sin precedentes.<\/p>\n<p>La elecci\u00f3n en el Poder Judicial surgi\u00f3 tras la reforma constitucional que promulg\u00f3 el 15 de septiembre pasado el entonces presidente, Andr\u00e9s Manuel L\u00f3pez Obrador (2018-2024), con el respaldo de la actual mandataria, Claudia Sheinbaum, quien lleg\u00f3 al poder el 1 de octubre de 2024.<\/p>\n<p>Para ello, hay un total de tres mil 422 candidaturas: 63 para la SCJN, 38 para el Tribunal Judicial, 15 para la Sala Superior del TEPJF, 96 para las salas regionales del Tribunal Electoral, 1.640 para magistraturas y 1.570 para juzgados.<\/p>\n<p>Un r\u00e9cord de 99.7 millones de electores est\u00e1n llamados a votar el 1 de junio, cuando habr\u00e1 m\u00e1s de 84.123 centros de votaci\u00f3n o casillas, incluidas 245 especiales para ciudadanos en tr\u00e1nsito, seg\u00fan el Instituto Nacional Electoral (INE).<\/p>\n<p>Las campa\u00f1as para la elecci\u00f3n judicial comenzaron el pasado 30 de marzo y terminaron el mi\u00e9rcoles 28 de mayo, con alertas de la oposici\u00f3n, organismos internacionales como la ONU, actuales jueces y asociaciones civiles de una posible intromisi\u00f3n del Ejecutivo y del crimen organizado en los comicios.<\/p>\n","protected":false},"excerpt":{"rendered":"<p>La presidenta Claudia Sheinbaum Pardo hizo un \u00faltimo llamado a votar en la elecci\u00f3n judicial del domingo 1 de junio. En la conferencia matutina de Palacio Nacional, Sheinbaum Pardo indic\u00f3 que su equipo de trabajo le indic\u00f3 que con este llamado no viola la veda electoral. \u00bfYa listos para el domingo? \u00bfQui\u00e9n va a votar?\u201d, [&hellip;]<\/p>\n","protected":false},"author":2,"featured_media":220074,"comment_status":"closed","ping_status":"closed","sticky":false,"template":"","format":"standard","meta":{"footnotes":""},"categories":[12870,172],"tags":[12865,12874],"class_list":["post-220073","post","type-post","status-publish","format-standard","has-post-thumbnail","hentry","category-destacadas","category-nacional","tag-destacadas","tag-nacional"],"jetpack_featured_media_url":"https:\/\/rnoticias.com.mx\/Portal\/wp-content\/uploads\/2025\/05\/rtvnoticiasmorelos-2025-05-28T100323.274.jpg","amp_enabled":true,"_links":{"self":[{"href":"https:\/\/rnoticias.com.mx\/Portal\/wp-json\/wp\/v2\/posts\/220073","targetHints":{"allow":["GET"]}}],"collection":[{"href":"https:\/\/rnoticias.com.mx\/Portal\/wp-json\/wp\/v2\/posts"}],"about":[{"href":"https:\/\/rnoticias.com.mx\/Portal\/wp-json\/wp\/v2\/types\/post"}],"author":[{"embeddable":true,"href":"https:\/\/rnoticias.com.mx\/Portal\/wp-json\/wp\/v2\/users\/2"}],"replies":[{"embeddable":true,"href":"https:\/\/rnoticias.com.mx\/Portal\/wp-json\/wp\/v2\/comments?post=220073"}],"version-history":[{"count":1,"href":"https:\/\/rnoticias.com.mx\/Portal\/wp-json\/wp\/v2\/posts\/220073\/revisions"}],"predecessor-version":[{"id":220075,"href":"https:\/\/rnoticias.com.mx\/Portal\/wp-json\/wp\/v2\/posts\/220073\/revisions\/220075"}],"wp:featuredmedia":[{"embeddable":true,"href":"https:\/\/rnoticias.com.mx\/Portal\/wp-json\/wp\/v2\/media\/220074"}],"wp:attachment":[{"href":"https:\/\/rnoticias.com.mx\/Portal\/wp-json\/wp\/v2\/media?parent=220073"}],"wp:term":[{"taxonomy":"category","embeddable":true,"href":"https:\/\/rnoticias.com.mx\/Portal\/wp-json\/wp\/v2\/categories?post=220073"},{"taxonomy":"post_tag","embeddable":true,"href":"https:\/\/rnoticias.com.mx\/Portal\/wp-json\/wp\/v2\/tags?post=220073"}],"curies":[{"name":"wp","href":"https:\/\/api.w.org\/{rel}","templated":true}]}}