{"id":220064,"date":"2025-05-30T08:18:01","date_gmt":"2025-05-30T15:18:01","guid":{"rendered":"https:\/\/rnoticias.com.mx\/Portal\/?p=220064"},"modified":"2025-05-30T08:18:01","modified_gmt":"2025-05-30T15:18:01","slug":"impulsa-gobierno-de-sonora-estrategias-de-salud-colectiva-para-personas-en-movilidad","status":"publish","type":"post","link":"https:\/\/rnoticias.com.mx\/Portal\/2025\/05\/30\/impulsa-gobierno-de-sonora-estrategias-de-salud-colectiva-para-personas-en-movilidad\/","title":{"rendered":"Impulsa Gobierno de Sonora estrategias de salud colectiva para personas en movilidad"},"content":{"rendered":"<p>Hermosillo, Sonora; 30 de mayo de 2025.- Con el objetivo de analizar y fortalecer las acciones territoriales e integrales en materia de salud colectiva para personas en condici\u00f3n de movilidad, el Gobierno de Sonora, a trav\u00e9s de la Secretar\u00eda de Salud (SSP), llev\u00f3 a cabo el foro \u201cPersonas en condici\u00f3n de movilidad: Cerrando brechas de salud colectiva\u201d.<\/p>\n<p>Este espacio de di\u00e1logo y reflexi\u00f3n se desarroll\u00f3 en el contexto de la frontera norte de M\u00e9xico, con un enfoque centrado en la justicia en salud y guiado por los principios de gratuidad, cobertura universal, accesibilidad, continuidad, calidad de atenci\u00f3n y oportunidad.<\/p>\n<p>Jos\u00e9 Luis Alom\u00eda Zegarra, secretario de Salud en Sonora, destac\u00f3 la importancia de contar con este tipo de foros y talleres, los cuales fortalecen las capacidades de quienes atienden a las personas en situaci\u00f3n de movilidad en materia de salud. Subray\u00f3 que la salud es un derecho humano fundamental que debe garantizarse, no solo con la existencia de servicios, sino asegurando que est\u00e9n disponibles donde se necesiten, que sean gratuitos y de calidad, ya que la movilidad es un fen\u00f3meno permanente que exige respuestas integrales y coordinadas.<\/p>\n<p>\u201cEl objetivo de este taller es claro: analizar y fortalecer las acciones territoriales integrales y de salud colectiva para personas en movilidad, especialmente en la frontera norte, como un ejercicio de justicia en salud guiado por los principios de gratuidad, cobertura universal, accesibilidad, continuidad, calidad y oportunidad&#8221;, recalc\u00f3.<\/p>\n<p>Durante el foro se reconoci\u00f3 la importancia de la coordinaci\u00f3n entre los niveles federal, estatal e internacional, as\u00ed como la participaci\u00f3n de instituciones como la Secretar\u00eda de Salud, la Organizaci\u00f3n Panamericana de la Salud (OPS), el IMSS-Bienestar y organismos de derechos humanos.<\/p>\n<p>Finalmente, se destac\u00f3 la necesidad de una sinergia interinstitucional y binacional que garantice el derecho humano a la salud de las personas en movilidad, mediante pol\u00edticas p\u00fablicas sostenidas, personal capacitado y servicios humanitarios y sin discriminaci\u00f3n. La Secretar\u00eda de Salud llam\u00f3 a actuar con compromiso y sensibilidad, reconociendo la vulnerabilidad de esta poblaci\u00f3n y la importancia de fortalecer continuamente la capacidad institucional para mejorar su atenci\u00f3n diaria.<\/p>\n","protected":false},"excerpt":{"rendered":"<p>Hermosillo, Sonora; 30 de mayo de 2025.- Con el objetivo de analizar y fortalecer las acciones territoriales e integrales en materia de salud colectiva para personas en condici\u00f3n de movilidad, el Gobierno de Sonora, a trav\u00e9s de la Secretar\u00eda de Salud (SSP), llev\u00f3 a cabo el foro \u201cPersonas en condici\u00f3n de movilidad: Cerrando brechas de [&hellip;]<\/p>\n","protected":false},"author":2,"featured_media":220065,"comment_status":"closed","ping_status":"closed","sticky":false,"template":"","format":"standard","meta":{"footnotes":""},"categories":[12870,178],"tags":[12865,12869],"class_list":["post-220064","post","type-post","status-publish","format-standard","has-post-thumbnail","hentry","category-destacadas","category-local","tag-destacadas","tag-local"],"jetpack_featured_media_url":"https:\/\/rnoticias.com.mx\/Portal\/wp-content\/uploads\/2025\/05\/unnamed-19-27.jpg","amp_enabled":true,"_links":{"self":[{"href":"https:\/\/rnoticias.com.mx\/Portal\/wp-json\/wp\/v2\/posts\/220064","targetHints":{"allow":["GET"]}}],"collection":[{"href":"https:\/\/rnoticias.com.mx\/Portal\/wp-json\/wp\/v2\/posts"}],"about":[{"href":"https:\/\/rnoticias.com.mx\/Portal\/wp-json\/wp\/v2\/types\/post"}],"author":[{"embeddable":true,"href":"https:\/\/rnoticias.com.mx\/Portal\/wp-json\/wp\/v2\/users\/2"}],"replies":[{"embeddable":true,"href":"https:\/\/rnoticias.com.mx\/Portal\/wp-json\/wp\/v2\/comments?post=220064"}],"version-history":[{"count":1,"href":"https:\/\/rnoticias.com.mx\/Portal\/wp-json\/wp\/v2\/posts\/220064\/revisions"}],"predecessor-version":[{"id":220066,"href":"https:\/\/rnoticias.com.mx\/Portal\/wp-json\/wp\/v2\/posts\/220064\/revisions\/220066"}],"wp:featuredmedia":[{"embeddable":true,"href":"https:\/\/rnoticias.com.mx\/Portal\/wp-json\/wp\/v2\/media\/220065"}],"wp:attachment":[{"href":"https:\/\/rnoticias.com.mx\/Portal\/wp-json\/wp\/v2\/media?parent=220064"}],"wp:term":[{"taxonomy":"category","embeddable":true,"href":"https:\/\/rnoticias.com.mx\/Portal\/wp-json\/wp\/v2\/categories?post=220064"},{"taxonomy":"post_tag","embeddable":true,"href":"https:\/\/rnoticias.com.mx\/Portal\/wp-json\/wp\/v2\/tags?post=220064"}],"curies":[{"name":"wp","href":"https:\/\/api.w.org\/{rel}","templated":true}]}}