{"id":220050,"date":"2025-05-29T19:03:35","date_gmt":"2025-05-30T02:03:35","guid":{"rendered":"https:\/\/rnoticias.com.mx\/Portal\/?p=220050"},"modified":"2025-05-29T19:03:35","modified_gmt":"2025-05-30T02:03:35","slug":"gobernador-durazo-suma-esfuerzos-con-gobierno-de-mexico-para-fortalecer-tranquilidad-social-con-programa-si-al-desarme-si-a-la-paz","status":"publish","type":"post","link":"https:\/\/rnoticias.com.mx\/Portal\/2025\/05\/29\/gobernador-durazo-suma-esfuerzos-con-gobierno-de-mexico-para-fortalecer-tranquilidad-social-con-programa-si-al-desarme-si-a-la-paz\/","title":{"rendered":"Gobernador Durazo suma esfuerzos con Gobierno de M\u00e9xico para fortalecer tranquilidad social con programa \u201cS\u00ed al Desarme, S\u00ed a la Paz\u201d"},"content":{"rendered":"<p>Hermosillo, Sonora; 29 de mayo de 2025.- Con el firme compromiso de construir una sociedad m\u00e1s segura y pac\u00edfica, en coordinaci\u00f3n con el Gobierno de M\u00e9xico que encabeza la presidenta Claudia Sheinbaum Pardo, el gobernador Alfonso Durazo Monta\u00f1o puso en marcha en Hermosillo el programa \u201cS\u00ed al Desarme, S\u00ed a la Paz\u201d, una iniciativa nacional que busca promover el canje voluntario de armas y una cultura de no violencia.<\/p>\n<p>Durante el evento, el mandatario estatal subray\u00f3 la importancia de esta estrategia integral, basada en la colaboraci\u00f3n entre instituciones de los tres niveles de gobierno y sociedad civil. Uno de los factores clave para lograr la pacificaci\u00f3n, dijo, es el desarme, la reducci\u00f3n y eliminaci\u00f3n de armas que puedan ser empleadas para generar violencia.<\/p>\n<p>\u201cEsta campa\u00f1a \u2018S\u00ed al desarme, S\u00ed a la Paz\u2019 es una v\u00eda para contribuir a una sociedad sin violencia. Este programa inici\u00f3 en la Ciudad de M\u00e9xico, impulsado por la doctora Claudia Sheinbaum, y dio all\u00e1 extraordinarios resultados que buscamos alcanzar aqu\u00ed en Sonora. Sin coacci\u00f3n, sin coerci\u00f3n, el gobierno, las instituciones, los padres de familia, estudiantes y organizaciones sociales pueden ayudarnos a acercarnos a la poblaci\u00f3n y construir juntos la paz por la v\u00eda del desarme\u201d, expres\u00f3 Durazo.<\/p>\n<p>El gobernador detall\u00f3 que la jornada de canje de armas se llevar\u00e1 a cabo del 29 al 31 de mayo, de 8:00 a 14:00 horas, en la Plaza de la Bandera del Centro de Gobierno, en Hermosillo. A quienes acudan, se les garantiza la protecci\u00f3n de su identidad y de los datos recabados, sin consecuencias jur\u00eddicas.<\/p>\n<p>Como parte esencial del programa, ni\u00f1as y ni\u00f1os participaron intercambiando juguetes b\u00e9licos por juguetes did\u00e1cticos, fomentando desde la infancia valores de convivencia, aprendizaje y rechazo a la violencia. Esta acci\u00f3n simb\u00f3lica representa un paso significativo en la formaci\u00f3n de nuevas generaciones comprometidas con la armon\u00eda social.<\/p>\n<p>Al finalizar, el gobernador Alfonso Durazo reafirm\u00f3 su compromiso con esta causa y convoc\u00f3 a las y los sonorenses a sumarse a la iniciativa:<\/p>\n<p>\u201cLa paz se construye con acciones firmes y con la participaci\u00f3n de todas y todos. Juntas y juntos, lograremos un Sonora con paz y tranquilidad\u201d, concluy\u00f3.<\/p>\n","protected":false},"excerpt":{"rendered":"<p>Hermosillo, Sonora; 29 de mayo de 2025.- Con el firme compromiso de construir una sociedad m\u00e1s segura y pac\u00edfica, en coordinaci\u00f3n con el Gobierno de M\u00e9xico que encabeza la presidenta Claudia Sheinbaum Pardo, el gobernador Alfonso Durazo Monta\u00f1o puso en marcha en Hermosillo el programa \u201cS\u00ed al Desarme, S\u00ed a la Paz\u201d, una iniciativa nacional [&hellip;]<\/p>\n","protected":false},"author":2,"featured_media":220051,"comment_status":"closed","ping_status":"closed","sticky":false,"template":"","format":"standard","meta":{"footnotes":""},"categories":[12870,178],"tags":[12865,12869],"class_list":["post-220050","post","type-post","status-publish","format-standard","has-post-thumbnail","hentry","category-destacadas","category-local","tag-destacadas","tag-local"],"jetpack_featured_media_url":"https:\/\/rnoticias.com.mx\/Portal\/wp-content\/uploads\/2025\/05\/unnamed-19kk-1.jpg","amp_enabled":true,"_links":{"self":[{"href":"https:\/\/rnoticias.com.mx\/Portal\/wp-json\/wp\/v2\/posts\/220050","targetHints":{"allow":["GET"]}}],"collection":[{"href":"https:\/\/rnoticias.com.mx\/Portal\/wp-json\/wp\/v2\/posts"}],"about":[{"href":"https:\/\/rnoticias.com.mx\/Portal\/wp-json\/wp\/v2\/types\/post"}],"author":[{"embeddable":true,"href":"https:\/\/rnoticias.com.mx\/Portal\/wp-json\/wp\/v2\/users\/2"}],"replies":[{"embeddable":true,"href":"https:\/\/rnoticias.com.mx\/Portal\/wp-json\/wp\/v2\/comments?post=220050"}],"version-history":[{"count":1,"href":"https:\/\/rnoticias.com.mx\/Portal\/wp-json\/wp\/v2\/posts\/220050\/revisions"}],"predecessor-version":[{"id":220052,"href":"https:\/\/rnoticias.com.mx\/Portal\/wp-json\/wp\/v2\/posts\/220050\/revisions\/220052"}],"wp:featuredmedia":[{"embeddable":true,"href":"https:\/\/rnoticias.com.mx\/Portal\/wp-json\/wp\/v2\/media\/220051"}],"wp:attachment":[{"href":"https:\/\/rnoticias.com.mx\/Portal\/wp-json\/wp\/v2\/media?parent=220050"}],"wp:term":[{"taxonomy":"category","embeddable":true,"href":"https:\/\/rnoticias.com.mx\/Portal\/wp-json\/wp\/v2\/categories?post=220050"},{"taxonomy":"post_tag","embeddable":true,"href":"https:\/\/rnoticias.com.mx\/Portal\/wp-json\/wp\/v2\/tags?post=220050"}],"curies":[{"name":"wp","href":"https:\/\/api.w.org\/{rel}","templated":true}]}}