{"id":220040,"date":"2025-05-29T18:23:44","date_gmt":"2025-05-30T01:23:44","guid":{"rendered":"https:\/\/rnoticias.com.mx\/Portal\/?p=220040"},"modified":"2025-05-29T18:23:44","modified_gmt":"2025-05-30T01:23:44","slug":"analizaran-bloqueo-de-ampliacion-de-aranceles-de-trump-a-mexico","status":"publish","type":"post","link":"https:\/\/rnoticias.com.mx\/Portal\/2025\/05\/29\/analizaran-bloqueo-de-ampliacion-de-aranceles-de-trump-a-mexico\/","title":{"rendered":"Analizar\u00e1n bloqueo de ampliaci\u00f3n de aranceles de Trump a M\u00e9xico"},"content":{"rendered":"<p>Luego que el\u00a0<strong>Tribunal Federal de Comercio<\/strong>\u00a0le prohibi\u00f3 al presidente Donald Trump imponer amplios\u00a0<strong>aranceles generalizados<\/strong>, la presidenta\u00a0<strong>Claudia Sheinbaum Pardo\u00a0<\/strong>dijo que con su equipo van a hacer un an\u00e1lisis de los alcances que tiene, pero aclar\u00f3 que el gobierno estadounidense podr\u00eda poner una contra demanda.<\/p>\n<p><em><strong>\u201cVamos a ver hasta d\u00f3nde tiene alcances, ayer conocimos est\u00e1 resoluci\u00f3n, el d\u00eda de ayer el secretario de Econom\u00eda, (Marcelo Ebrard) su equipo nos va a hacer un an\u00e1lisis de los alcances que esto tiene\u201d<\/strong><\/em>, coment\u00f3.<\/p>\n<p>La mandataria federal dijo que esta resoluci\u00f3n tiene otros alcances, pero aclar\u00f3 que el Gobierno de Estados Unidos va a poner una contra demanda,\u00a0<strong><em>\u201cvamos a esperar\u201d.<\/em><\/strong><\/p>\n<p>Ayer, el tribunal federal de comercio destac\u00f3 que el fallo de un panel de tres jueces se produjo despu\u00e9s de que se interpusieron varias demandas en las que se argumenta que\u00a0<strong>Trump\u00a0<\/strong>ha excedido su autoridad, dejando la pol\u00edtica comercial de Estados Unidos dependiente de sus caprichos y desatando el caos econ\u00f3mico.<\/p>\n<p>&nbsp;<\/p>\n<p>El Universal<\/p>\n","protected":false},"excerpt":{"rendered":"<p>Luego que el\u00a0Tribunal Federal de Comercio\u00a0le prohibi\u00f3 al presidente Donald Trump imponer amplios\u00a0aranceles generalizados, la presidenta\u00a0Claudia Sheinbaum Pardo\u00a0dijo que con su equipo van a hacer un an\u00e1lisis de los alcances que tiene, pero aclar\u00f3 que el gobierno estadounidense podr\u00eda poner una contra demanda. \u201cVamos a ver hasta d\u00f3nde tiene alcances, ayer conocimos est\u00e1 resoluci\u00f3n, el [&hellip;]<\/p>\n","protected":false},"author":2,"featured_media":220041,"comment_status":"closed","ping_status":"closed","sticky":false,"template":"","format":"standard","meta":{"footnotes":""},"categories":[12870,172],"tags":[12865,12874],"class_list":["post-220040","post","type-post","status-publish","format-standard","has-post-thumbnail","hentry","category-destacadas","category-nacional","tag-destacadas","tag-nacional"],"jetpack_featured_media_url":"https:\/\/rnoticias.com.mx\/Portal\/wp-content\/uploads\/2025\/05\/Captura-de-pantalla-2025-05-29-091730.png","amp_enabled":true,"_links":{"self":[{"href":"https:\/\/rnoticias.com.mx\/Portal\/wp-json\/wp\/v2\/posts\/220040","targetHints":{"allow":["GET"]}}],"collection":[{"href":"https:\/\/rnoticias.com.mx\/Portal\/wp-json\/wp\/v2\/posts"}],"about":[{"href":"https:\/\/rnoticias.com.mx\/Portal\/wp-json\/wp\/v2\/types\/post"}],"author":[{"embeddable":true,"href":"https:\/\/rnoticias.com.mx\/Portal\/wp-json\/wp\/v2\/users\/2"}],"replies":[{"embeddable":true,"href":"https:\/\/rnoticias.com.mx\/Portal\/wp-json\/wp\/v2\/comments?post=220040"}],"version-history":[{"count":1,"href":"https:\/\/rnoticias.com.mx\/Portal\/wp-json\/wp\/v2\/posts\/220040\/revisions"}],"predecessor-version":[{"id":220042,"href":"https:\/\/rnoticias.com.mx\/Portal\/wp-json\/wp\/v2\/posts\/220040\/revisions\/220042"}],"wp:featuredmedia":[{"embeddable":true,"href":"https:\/\/rnoticias.com.mx\/Portal\/wp-json\/wp\/v2\/media\/220041"}],"wp:attachment":[{"href":"https:\/\/rnoticias.com.mx\/Portal\/wp-json\/wp\/v2\/media?parent=220040"}],"wp:term":[{"taxonomy":"category","embeddable":true,"href":"https:\/\/rnoticias.com.mx\/Portal\/wp-json\/wp\/v2\/categories?post=220040"},{"taxonomy":"post_tag","embeddable":true,"href":"https:\/\/rnoticias.com.mx\/Portal\/wp-json\/wp\/v2\/tags?post=220040"}],"curies":[{"name":"wp","href":"https:\/\/api.w.org\/{rel}","templated":true}]}}