{"id":219968,"date":"2025-05-29T13:22:19","date_gmt":"2025-05-29T20:22:19","guid":{"rendered":"https:\/\/rnoticias.com.mx\/Portal\/?p=219968"},"modified":"2025-05-29T13:22:19","modified_gmt":"2025-05-29T20:22:19","slug":"karla-sofia-gascon-graba-nueva-pelicula-tras-emilia-perez","status":"publish","type":"post","link":"https:\/\/rnoticias.com.mx\/Portal\/2025\/05\/29\/karla-sofia-gascon-graba-nueva-pelicula-tras-emilia-perez\/","title":{"rendered":"Karla Sof\u00eda Gasc\u00f3n graba nueva pel\u00edcula tras \u00abEmilia P\u00e9rez\u00bb"},"content":{"rendered":"<p>La actriz transg\u00e9nero espa\u00f1ola\u00a0<strong>Karla Sof\u00eda Gasc\u00f3n<\/strong>\u00a0est\u00e1 rodando un western titulado \u00abTrinidad\u00bb, su primera pel\u00edcula tras el\u00a0<strong>musical \u00abEmilia P\u00e9rez\u00bb\u00a0<\/strong>con el que alcanz\u00f3 fama mundial y despu\u00e9s del esc\u00e1ndalo por mensajes racistas y xen\u00f3fobos en sus redes sociales, que opacaron los premios y la nominaci\u00f3n al \u00d3scar.<\/p>\n<p>Seg\u00fan inform\u00f3 este mi\u00e9rcoles la productora de la pel\u00edcula en un comunicado,\u00a0<strong>Gasc\u00f3n interpreta a una viuda mala<\/strong>\u00a0en una superproducci\u00f3n en la que tambi\u00e9n act\u00faan las espa\u00f1olas Paz Vega y Gabriela Andrada, que se est\u00e1 rodando al sur de la isla atl\u00e1ntica de Gran Canaria<\/p>\n<p>Esta pel\u00edcula de acci\u00f3n y aventuras est\u00e1 ambientada en el Oeste norteamericano, con un presupuesto superior a los 14 millones de euros.<\/p>\n<p>El argumento de \u00abTrinidad\u00bb\u00a0se sit\u00faa a finales del siglo XIX, cuando una joven espa\u00f1ola llamada Trinidad (Andrada) llega al Salvaje Oeste acompa\u00f1ada de su madre (Vega) y de su hermana (Sof\u00eda Allepuz) huyendo de la justicia que la persigue en su pa\u00eds.<\/p>\n<p>Desafiando los roles que la sociedad de la \u00e9poca impone a las mujeres, Trinidad descubre su innata habilidad con las armas, un talento que le permite sostener a su familia, pero que tambi\u00e9n la convierte en\u00a0<strong>blanco de prejuicios y enemigos,\u00a0<\/strong>entre los que se encuentran la viuda Bronson (Gasc\u00f3n).<\/p>\n<p>Cuando la joven pistolera es acusada injustamente de un crimen que no ha cometido, Trinidad se ver\u00e1 obligada a convertirse en una fugitiva, liderando una banda de delincuentes que la ayudar\u00e1n a planear su venganza.<\/p>\n<p>El reparto lo completan los espa\u00f1oles Milena Smit, Guillermo Bedward, Antonio Dechent y Alfonso S\u00e1nchez y el brit\u00e1nico James Giblin, en una pel\u00edcula creada y dirigida por Laura Alvea y Jos\u00e9 Ortu\u00f1o.<\/p>\n","protected":false},"excerpt":{"rendered":"<p>La actriz transg\u00e9nero espa\u00f1ola\u00a0Karla Sof\u00eda Gasc\u00f3n\u00a0est\u00e1 rodando un western titulado \u00abTrinidad\u00bb, su primera pel\u00edcula tras el\u00a0musical \u00abEmilia P\u00e9rez\u00bb\u00a0con el que alcanz\u00f3 fama mundial y despu\u00e9s del esc\u00e1ndalo por mensajes racistas y xen\u00f3fobos en sus redes sociales, que opacaron los premios y la nominaci\u00f3n al \u00d3scar. Seg\u00fan inform\u00f3 este mi\u00e9rcoles la productora de la pel\u00edcula en [&hellip;]<\/p>\n","protected":false},"author":2,"featured_media":219969,"comment_status":"closed","ping_status":"closed","sticky":false,"template":"","format":"standard","meta":{"footnotes":""},"categories":[12870,219],"tags":[12865,12875],"class_list":["post-219968","post","type-post","status-publish","format-standard","has-post-thumbnail","hentry","category-destacadas","category-espectaculos","tag-destacadas","tag-espectaculos"],"jetpack_featured_media_url":"https:\/\/rnoticias.com.mx\/Portal\/wp-content\/uploads\/2025\/05\/f960x540-116333_190408_5050-1.webp","amp_enabled":true,"_links":{"self":[{"href":"https:\/\/rnoticias.com.mx\/Portal\/wp-json\/wp\/v2\/posts\/219968","targetHints":{"allow":["GET"]}}],"collection":[{"href":"https:\/\/rnoticias.com.mx\/Portal\/wp-json\/wp\/v2\/posts"}],"about":[{"href":"https:\/\/rnoticias.com.mx\/Portal\/wp-json\/wp\/v2\/types\/post"}],"author":[{"embeddable":true,"href":"https:\/\/rnoticias.com.mx\/Portal\/wp-json\/wp\/v2\/users\/2"}],"replies":[{"embeddable":true,"href":"https:\/\/rnoticias.com.mx\/Portal\/wp-json\/wp\/v2\/comments?post=219968"}],"version-history":[{"count":1,"href":"https:\/\/rnoticias.com.mx\/Portal\/wp-json\/wp\/v2\/posts\/219968\/revisions"}],"predecessor-version":[{"id":219970,"href":"https:\/\/rnoticias.com.mx\/Portal\/wp-json\/wp\/v2\/posts\/219968\/revisions\/219970"}],"wp:featuredmedia":[{"embeddable":true,"href":"https:\/\/rnoticias.com.mx\/Portal\/wp-json\/wp\/v2\/media\/219969"}],"wp:attachment":[{"href":"https:\/\/rnoticias.com.mx\/Portal\/wp-json\/wp\/v2\/media?parent=219968"}],"wp:term":[{"taxonomy":"category","embeddable":true,"href":"https:\/\/rnoticias.com.mx\/Portal\/wp-json\/wp\/v2\/categories?post=219968"},{"taxonomy":"post_tag","embeddable":true,"href":"https:\/\/rnoticias.com.mx\/Portal\/wp-json\/wp\/v2\/tags?post=219968"}],"curies":[{"name":"wp","href":"https:\/\/api.w.org\/{rel}","templated":true}]}}