{"id":219962,"date":"2025-05-29T13:15:11","date_gmt":"2025-05-29T20:15:11","guid":{"rendered":"https:\/\/rnoticias.com.mx\/Portal\/?p=219962"},"modified":"2025-05-29T13:15:11","modified_gmt":"2025-05-29T20:15:11","slug":"detiene-gobierno-de-sonora-a-cuatro-personas-en-san-pedro-el-saucito","status":"publish","type":"post","link":"https:\/\/rnoticias.com.mx\/Portal\/2025\/05\/29\/detiene-gobierno-de-sonora-a-cuatro-personas-en-san-pedro-el-saucito\/","title":{"rendered":"Detiene Gobierno de Sonora a cuatro personas en San Pedro El Saucito"},"content":{"rendered":"<p align=\"justify\">Hermosillo, Sonora; 29 de mayo de 2025.- Cuatro personas detenidas y el aseguramiento de armas de fuego forman parte de los resultados generados por el Gobierno de Sonora, a trav\u00e9s de los operativos de la Secretar\u00eda de Seguridad P\u00fablica (SSP) en Hermosillo.<\/p>\n<p align=\"justify\">\n<p align=\"justify\">Durante trabajo operativo de la Polic\u00eda Estatal de Seguridad P\u00fablica (PESP) en San Pedro El Saucito, el martes 27 de mayo fueron detenidos Alejandro &#8220;N&#8221;, David &#8220;N&#8221; y dos menores de 17 a\u00f1os.<\/p>\n<p align=\"justify\">\n<p align=\"justify\">La detenci\u00f3n ocurri\u00f3 tras asegurarles dos armas de fuego tipo pistola, cargadores, alrededor de 81 cartuchos, puntas de metal y un veh\u00edculo con reporte de robo en Tucson, Arizona.<\/p>\n<p align=\"justify\">\n<p align=\"justify\">A las personas detenidas se les informaron sus derechos y quedaron a disposici\u00f3n del Ministerio P\u00fablico correspondiente.<\/p>\n<p align=\"justify\">\n<p align=\"justify\">Se informa que las personas detenidas se presumen inocentes hasta que se declare su responsabilidad mediante sentencia emitida por el \u00f3rgano jurisdiccional correspondiente, conforme al art\u00edculo 13 del C\u00f3digo Nacional de Procedimientos Penales.<\/p>\n","protected":false},"excerpt":{"rendered":"<p>Hermosillo, Sonora; 29 de mayo de 2025.- Cuatro personas detenidas y el aseguramiento de armas de fuego forman parte de los resultados generados por el Gobierno de Sonora, a trav\u00e9s de los operativos de la Secretar\u00eda de Seguridad P\u00fablica (SSP) en Hermosillo. Durante trabajo operativo de la Polic\u00eda Estatal de Seguridad P\u00fablica (PESP) en San [&hellip;]<\/p>\n","protected":false},"author":2,"featured_media":219963,"comment_status":"closed","ping_status":"closed","sticky":false,"template":"","format":"standard","meta":{"footnotes":""},"categories":[12870,178],"tags":[12865,12869],"class_list":["post-219962","post","type-post","status-publish","format-standard","has-post-thumbnail","hentry","category-destacadas","category-local","tag-destacadas","tag-local"],"jetpack_featured_media_url":"https:\/\/rnoticias.com.mx\/Portal\/wp-content\/uploads\/2025\/05\/unnamed-119.jpg","amp_enabled":true,"_links":{"self":[{"href":"https:\/\/rnoticias.com.mx\/Portal\/wp-json\/wp\/v2\/posts\/219962","targetHints":{"allow":["GET"]}}],"collection":[{"href":"https:\/\/rnoticias.com.mx\/Portal\/wp-json\/wp\/v2\/posts"}],"about":[{"href":"https:\/\/rnoticias.com.mx\/Portal\/wp-json\/wp\/v2\/types\/post"}],"author":[{"embeddable":true,"href":"https:\/\/rnoticias.com.mx\/Portal\/wp-json\/wp\/v2\/users\/2"}],"replies":[{"embeddable":true,"href":"https:\/\/rnoticias.com.mx\/Portal\/wp-json\/wp\/v2\/comments?post=219962"}],"version-history":[{"count":1,"href":"https:\/\/rnoticias.com.mx\/Portal\/wp-json\/wp\/v2\/posts\/219962\/revisions"}],"predecessor-version":[{"id":219964,"href":"https:\/\/rnoticias.com.mx\/Portal\/wp-json\/wp\/v2\/posts\/219962\/revisions\/219964"}],"wp:featuredmedia":[{"embeddable":true,"href":"https:\/\/rnoticias.com.mx\/Portal\/wp-json\/wp\/v2\/media\/219963"}],"wp:attachment":[{"href":"https:\/\/rnoticias.com.mx\/Portal\/wp-json\/wp\/v2\/media?parent=219962"}],"wp:term":[{"taxonomy":"category","embeddable":true,"href":"https:\/\/rnoticias.com.mx\/Portal\/wp-json\/wp\/v2\/categories?post=219962"},{"taxonomy":"post_tag","embeddable":true,"href":"https:\/\/rnoticias.com.mx\/Portal\/wp-json\/wp\/v2\/tags?post=219962"}],"curies":[{"name":"wp","href":"https:\/\/api.w.org\/{rel}","templated":true}]}}