{"id":219910,"date":"2025-05-28T18:15:27","date_gmt":"2025-05-29T01:15:27","guid":{"rendered":"https:\/\/rnoticias.com.mx\/Portal\/?p=219910"},"modified":"2025-05-28T18:15:27","modified_gmt":"2025-05-29T01:15:27","slug":"gobierno-de-sonora-promueve-cultura-de-paz-entre-la-juventud-de-san-luis-rio-colorado","status":"publish","type":"post","link":"https:\/\/rnoticias.com.mx\/Portal\/2025\/05\/28\/gobierno-de-sonora-promueve-cultura-de-paz-entre-la-juventud-de-san-luis-rio-colorado\/","title":{"rendered":"Gobierno de Sonora promueve cultura de paz entre la juventud de San Luis R\u00edo Colorado"},"content":{"rendered":"<p>San Luis R\u00edo Colorado, Sonora; 28 de mayo de 2025.- En atenci\u00f3n a la juventud, el Gobierno de Sonora, a trav\u00e9s de la Secretar\u00eda de Seguridad P\u00fablica (SSP), promovi\u00f3 la seguridad y la cultura de la paz entre estudiantes de nivel secundaria en San Luis R\u00edo Colorado.<\/p>\n<p>Oficiales de la Polic\u00eda Estatal de Seguridad P\u00fablica (PESP) iniciaron este lunes una jornada informativa en la Secundaria T\u00e9cnica No. 12, donde convivieron con estudiantes y docentes para compartir temas clave relacionados con la prevenci\u00f3n.<\/p>\n<p>Durante la visita se abordaron temas como las consecuencias del consumo de sustancias il\u00edcitas, la prevenci\u00f3n del acoso escolar (bullying), y el uso adecuado de las l\u00edneas 9-1-1 para emergencias y 089 para denuncias an\u00f3nimas.<\/p>\n<p>Los elementos de la Polic\u00eda Estatal contin\u00faan en el municipio fronterizo impulsando acciones para fomentar una cultura de paz, adem\u00e1s de realizar labores operativas de prevenci\u00f3n y combate al delito.<\/p>\n","protected":false},"excerpt":{"rendered":"<p>San Luis R\u00edo Colorado, Sonora; 28 de mayo de 2025.- En atenci\u00f3n a la juventud, el Gobierno de Sonora, a trav\u00e9s de la Secretar\u00eda de Seguridad P\u00fablica (SSP), promovi\u00f3 la seguridad y la cultura de la paz entre estudiantes de nivel secundaria en San Luis R\u00edo Colorado. Oficiales de la Polic\u00eda Estatal de Seguridad P\u00fablica [&hellip;]<\/p>\n","protected":false},"author":2,"featured_media":219911,"comment_status":"closed","ping_status":"closed","sticky":false,"template":"","format":"standard","meta":{"footnotes":""},"categories":[174],"tags":[12873],"class_list":["post-219910","post","type-post","status-publish","format-standard","has-post-thumbnail","hentry","category-estatal","tag-estatal"],"jetpack_featured_media_url":"https:\/\/rnoticias.com.mx\/Portal\/wp-content\/uploads\/2025\/05\/unnamed-19-20.jpg","amp_enabled":true,"_links":{"self":[{"href":"https:\/\/rnoticias.com.mx\/Portal\/wp-json\/wp\/v2\/posts\/219910","targetHints":{"allow":["GET"]}}],"collection":[{"href":"https:\/\/rnoticias.com.mx\/Portal\/wp-json\/wp\/v2\/posts"}],"about":[{"href":"https:\/\/rnoticias.com.mx\/Portal\/wp-json\/wp\/v2\/types\/post"}],"author":[{"embeddable":true,"href":"https:\/\/rnoticias.com.mx\/Portal\/wp-json\/wp\/v2\/users\/2"}],"replies":[{"embeddable":true,"href":"https:\/\/rnoticias.com.mx\/Portal\/wp-json\/wp\/v2\/comments?post=219910"}],"version-history":[{"count":1,"href":"https:\/\/rnoticias.com.mx\/Portal\/wp-json\/wp\/v2\/posts\/219910\/revisions"}],"predecessor-version":[{"id":219912,"href":"https:\/\/rnoticias.com.mx\/Portal\/wp-json\/wp\/v2\/posts\/219910\/revisions\/219912"}],"wp:featuredmedia":[{"embeddable":true,"href":"https:\/\/rnoticias.com.mx\/Portal\/wp-json\/wp\/v2\/media\/219911"}],"wp:attachment":[{"href":"https:\/\/rnoticias.com.mx\/Portal\/wp-json\/wp\/v2\/media?parent=219910"}],"wp:term":[{"taxonomy":"category","embeddable":true,"href":"https:\/\/rnoticias.com.mx\/Portal\/wp-json\/wp\/v2\/categories?post=219910"},{"taxonomy":"post_tag","embeddable":true,"href":"https:\/\/rnoticias.com.mx\/Portal\/wp-json\/wp\/v2\/tags?post=219910"}],"curies":[{"name":"wp","href":"https:\/\/api.w.org\/{rel}","templated":true}]}}