{"id":219904,"date":"2025-05-28T17:32:29","date_gmt":"2025-05-29T00:32:29","guid":{"rendered":"https:\/\/rnoticias.com.mx\/Portal\/?p=219904"},"modified":"2025-05-28T17:32:29","modified_gmt":"2025-05-29T00:32:29","slug":"imputado-por-fgjes-jose-carlos-n-por-privacion-ilegal-de-la-libertad-y-desaparicion-en-caborca","status":"publish","type":"post","link":"https:\/\/rnoticias.com.mx\/Portal\/2025\/05\/28\/imputado-por-fgjes-jose-carlos-n-por-privacion-ilegal-de-la-libertad-y-desaparicion-en-caborca\/","title":{"rendered":"Imputado por FGJES Jos\u00e9 Carlos \u201cN\u201d por privaci\u00f3n ilegal de la libertad y desaparici\u00f3n en Caborca"},"content":{"rendered":"<p>Caborca, Sonora, 28 de mayo de 2025.- La Fiscal\u00eda General de Justicia del Estado de Sonora (FGJES) formul\u00f3 imputaci\u00f3n en contra de Jos\u00e9 Carlos \u201cN\u201d, de 20 a\u00f1os, por su probable responsabilidad en los delitos de desaparici\u00f3n cometida por particulares, privaci\u00f3n ilegal de la libertad agravada y asociaci\u00f3n delictuosa, en agravio de Mart\u00edn Gonzalo \u201cN\u201d, de 18 a\u00f1os, Cristian Manuel \u201cN\u201d, de 38, y la sociedad, respectivamente, en Caborca.<\/p>\n<p>Durante las respectivas audiencias iniciales, el Juez calific\u00f3 de legal la detenci\u00f3n, se formul\u00f3 imputaci\u00f3n y se impuso la medida cautelar de prisi\u00f3n preventiva justificada, ampli\u00e1ndose el t\u00e9rmino constitucional para resolver la vinculaci\u00f3n a proceso del sujeto en ambas causas penales.<\/p>\n<p>En el primer caso, registrado el 3 de octubre de 2024, en la colonia Romanza, el imputado y otros sujetos armados irrumpieron con violencia en un domicilio, privando de la libertad a Mart\u00edn Gonzalo \u201cN\u201d.<\/p>\n<p>Posteriormente, el 4 de octubre, fue localizado sin vida al d\u00eda siguiente en un inmueble ubicado a la altura del kil\u00f3metro 2+500 de la carretera a Las Calabazas a espaldas de un plantel, con lesiones de arma de fuego y con heridas punzocortantes.<\/p>\n<p>En el segundo hecho, suscitado el 15 de diciembre de 2024, en la colonia Palma Dorada, Cristian Manuel \u201cN\u201d fue sustra\u00eddo de su domicilio por el imputado y cinco sujetos m\u00e1s armados, quienes lo obligaron a abordar una vagoneta en contra de su voluntad, sin que hasta el momento se tenga conocimiento de su paradero.<\/p>\n<p>Ambos hechos se encuentran relacionados con una asociaci\u00f3n delictuosa conformada por al menos tres personas que utilizaron armas de fuego para cometer los actos, afectando gravemente la seguridad p\u00fablica en la regi\u00f3n. Elementos de la Agencia Ministerial de Investigaci\u00f3n Criminal (AMIC) cumplieron con ambas \u00f3rdenes de aprehensi\u00f3n.<\/p>\n<p>La Fiscal\u00eda General de Justicia del Estado de Sonora reitera su compromiso con la b\u00fasqueda de justicia para las v\u00edctimas y el combate frontal a los delitos que atentan contra la libertad y la vida de las personas.<\/p>\n","protected":false},"excerpt":{"rendered":"<p>Caborca, Sonora, 28 de mayo de 2025.- La Fiscal\u00eda General de Justicia del Estado de Sonora (FGJES) formul\u00f3 imputaci\u00f3n en contra de Jos\u00e9 Carlos \u201cN\u201d, de 20 a\u00f1os, por su probable responsabilidad en los delitos de desaparici\u00f3n cometida por particulares, privaci\u00f3n ilegal de la libertad agravada y asociaci\u00f3n delictuosa, en agravio de Mart\u00edn Gonzalo \u201cN\u201d, [&hellip;]<\/p>\n","protected":false},"author":2,"featured_media":219905,"comment_status":"closed","ping_status":"closed","sticky":false,"template":"","format":"standard","meta":{"footnotes":""},"categories":[12870,174],"tags":[12865,12873],"class_list":["post-219904","post","type-post","status-publish","format-standard","has-post-thumbnail","hentry","category-destacadas","category-estatal","tag-destacadas","tag-estatal"],"jetpack_featured_media_url":"https:\/\/rnoticias.com.mx\/Portal\/wp-content\/uploads\/2025\/05\/WhatsApp-Image-2025-05-28-at-2.54.41-PM.jpeg","amp_enabled":true,"_links":{"self":[{"href":"https:\/\/rnoticias.com.mx\/Portal\/wp-json\/wp\/v2\/posts\/219904","targetHints":{"allow":["GET"]}}],"collection":[{"href":"https:\/\/rnoticias.com.mx\/Portal\/wp-json\/wp\/v2\/posts"}],"about":[{"href":"https:\/\/rnoticias.com.mx\/Portal\/wp-json\/wp\/v2\/types\/post"}],"author":[{"embeddable":true,"href":"https:\/\/rnoticias.com.mx\/Portal\/wp-json\/wp\/v2\/users\/2"}],"replies":[{"embeddable":true,"href":"https:\/\/rnoticias.com.mx\/Portal\/wp-json\/wp\/v2\/comments?post=219904"}],"version-history":[{"count":1,"href":"https:\/\/rnoticias.com.mx\/Portal\/wp-json\/wp\/v2\/posts\/219904\/revisions"}],"predecessor-version":[{"id":219906,"href":"https:\/\/rnoticias.com.mx\/Portal\/wp-json\/wp\/v2\/posts\/219904\/revisions\/219906"}],"wp:featuredmedia":[{"embeddable":true,"href":"https:\/\/rnoticias.com.mx\/Portal\/wp-json\/wp\/v2\/media\/219905"}],"wp:attachment":[{"href":"https:\/\/rnoticias.com.mx\/Portal\/wp-json\/wp\/v2\/media?parent=219904"}],"wp:term":[{"taxonomy":"category","embeddable":true,"href":"https:\/\/rnoticias.com.mx\/Portal\/wp-json\/wp\/v2\/categories?post=219904"},{"taxonomy":"post_tag","embeddable":true,"href":"https:\/\/rnoticias.com.mx\/Portal\/wp-json\/wp\/v2\/tags?post=219904"}],"curies":[{"name":"wp","href":"https:\/\/api.w.org\/{rel}","templated":true}]}}