{"id":219901,"date":"2025-05-28T17:31:29","date_gmt":"2025-05-29T00:31:29","guid":{"rendered":"https:\/\/rnoticias.com.mx\/Portal\/?p=219901"},"modified":"2025-05-28T17:31:29","modified_gmt":"2025-05-29T00:31:29","slug":"hermosillo-registra-la-menor-tasa-de-desocupacion-laboral-en-24-anos-de-acuerdo-a-inegi","status":"publish","type":"post","link":"https:\/\/rnoticias.com.mx\/Portal\/2025\/05\/28\/hermosillo-registra-la-menor-tasa-de-desocupacion-laboral-en-24-anos-de-acuerdo-a-inegi\/","title":{"rendered":"Hermosillo registra la menor tasa de desocupaci\u00f3n laboral en 24 a\u00f1os, de acuerdo a INEGI"},"content":{"rendered":"<p>Hermosillo, Sonora; mayo 28 de 2025.- Hermosillo alcanz\u00f3 una cifra hist\u00f3rica en materia de empleo al registrar una tasa de desocupaci\u00f3n de s\u00f3lo 2.5 por ciento durante el primer trimestre de 2025, la m\u00e1s baja para ese periodo desde el a\u00f1o 2001 de acuerdo con estimaciones del Instituto Nacional de Estad\u00edstica y Geograf\u00eda (INEGI).<\/p>\n<p>Alejandro Romero Ayala, secretario t\u00e9cnico del Gobierno Municipal, quien explic\u00f3 que adem\u00e1s del bajo porcentaje, el n\u00famero total de personas desocupadas tambi\u00e9n es el menor desde 2008.<\/p>\n<p>El Gobierno Municipal encabezado por Antonio Astiazar\u00e1n reafirma el compromiso de trabajar de la mano con diversos sectores para continuar consolidando a Hermosillo como una de las ciudades con mayor fortaleza laboral en el pa\u00eds, puntualiz\u00f3.<\/p>\n<p>En septiembre de 2021, m\u00e1s de 18 mil hermosillenses se encontraban desocupados, mientras que para marzo de 2025 esa cifra ha bajado 41% para situarse solamente en 11 mil.<\/p>\n<p>\u201cHermosillo sigue siendo una ciudad din\u00e1mica, con una econom\u00eda vibrante, y por ello el Instituto Mexicano para la Competitividad (IMCO) nos sit\u00faa como la ciudad m\u00e1s competitiva del pa\u00eds entre las que tienen de medio a 1 mill\u00f3n de habitantes\u201d, se\u00f1al\u00f3.<\/p>\n<p>Este resultado se atribuye a varios factores como el hecho de que la planta Ford se mantiene con altos niveles de producci\u00f3n, as\u00ed como tambi\u00e9n, la obra p\u00fablica y privada donde se encuentran proyectos como el paso a desnivel en los bulevares Solidaridad y Luis Donaldo Colosio que impulsan el dinamismo urbano.<\/p>\n<p>\u201cTenemos incluso una tasa de desempleo menor que Monterrey y Saltillo, ciudades muy din\u00e1micas del norte del pa\u00eds. Esto refleja que Hermosillo est\u00e1 de moda, y se nota en las inversiones, en la reducci\u00f3n de percepci\u00f3n de inseguridad, en el crecimiento de la infraestructura y en el ambiente positivo para hacer negocios\u201d, afirm\u00f3.<\/p>\n","protected":false},"excerpt":{"rendered":"<p>Hermosillo, Sonora; mayo 28 de 2025.- Hermosillo alcanz\u00f3 una cifra hist\u00f3rica en materia de empleo al registrar una tasa de desocupaci\u00f3n de s\u00f3lo 2.5 por ciento durante el primer trimestre de 2025, la m\u00e1s baja para ese periodo desde el a\u00f1o 2001 de acuerdo con estimaciones del Instituto Nacional de Estad\u00edstica y Geograf\u00eda (INEGI). Alejandro [&hellip;]<\/p>\n","protected":false},"author":2,"featured_media":219902,"comment_status":"closed","ping_status":"closed","sticky":false,"template":"","format":"standard","meta":{"footnotes":""},"categories":[12870,178],"tags":[12865,12869],"class_list":["post-219901","post","type-post","status-publish","format-standard","has-post-thumbnail","hentry","category-destacadas","category-local","tag-destacadas","tag-local"],"jetpack_featured_media_url":"https:\/\/rnoticias.com.mx\/Portal\/wp-content\/uploads\/2025\/05\/81ee1b11-18d6-4d96-8d93-78ae022d3d5e.jpg","amp_enabled":true,"_links":{"self":[{"href":"https:\/\/rnoticias.com.mx\/Portal\/wp-json\/wp\/v2\/posts\/219901","targetHints":{"allow":["GET"]}}],"collection":[{"href":"https:\/\/rnoticias.com.mx\/Portal\/wp-json\/wp\/v2\/posts"}],"about":[{"href":"https:\/\/rnoticias.com.mx\/Portal\/wp-json\/wp\/v2\/types\/post"}],"author":[{"embeddable":true,"href":"https:\/\/rnoticias.com.mx\/Portal\/wp-json\/wp\/v2\/users\/2"}],"replies":[{"embeddable":true,"href":"https:\/\/rnoticias.com.mx\/Portal\/wp-json\/wp\/v2\/comments?post=219901"}],"version-history":[{"count":1,"href":"https:\/\/rnoticias.com.mx\/Portal\/wp-json\/wp\/v2\/posts\/219901\/revisions"}],"predecessor-version":[{"id":219903,"href":"https:\/\/rnoticias.com.mx\/Portal\/wp-json\/wp\/v2\/posts\/219901\/revisions\/219903"}],"wp:featuredmedia":[{"embeddable":true,"href":"https:\/\/rnoticias.com.mx\/Portal\/wp-json\/wp\/v2\/media\/219902"}],"wp:attachment":[{"href":"https:\/\/rnoticias.com.mx\/Portal\/wp-json\/wp\/v2\/media?parent=219901"}],"wp:term":[{"taxonomy":"category","embeddable":true,"href":"https:\/\/rnoticias.com.mx\/Portal\/wp-json\/wp\/v2\/categories?post=219901"},{"taxonomy":"post_tag","embeddable":true,"href":"https:\/\/rnoticias.com.mx\/Portal\/wp-json\/wp\/v2\/tags?post=219901"}],"curies":[{"name":"wp","href":"https:\/\/api.w.org\/{rel}","templated":true}]}}