{"id":219886,"date":"2025-05-28T13:10:43","date_gmt":"2025-05-28T20:10:43","guid":{"rendered":"https:\/\/rnoticias.com.mx\/Portal\/?p=219886"},"modified":"2025-05-28T13:10:43","modified_gmt":"2025-05-28T20:10:43","slug":"gobierno-de-sonora-combate-incendio-forestal-en-arizpe-2","status":"publish","type":"post","link":"https:\/\/rnoticias.com.mx\/Portal\/2025\/05\/28\/gobierno-de-sonora-combate-incendio-forestal-en-arizpe-2\/","title":{"rendered":"Gobierno de Sonora combate incendio forestal en Arizpe"},"content":{"rendered":"<p>Hermosillo, Sonora; 28 de mayo de 2025.- El Gobierno de Sonora, a trav\u00e9s de la Coordinaci\u00f3n Estatal de Protecci\u00f3n Civil (CEPC) y en coordinaci\u00f3n con autoridades federales y municipales, contin\u00faa con los trabajos para combatir el incendio forestal en el municipio de Arizpe, el cual presenta un 50 por ciento de control y un 40 por ciento de liquidaci\u00f3n.<\/p>\n<p>Este siniestro, que inici\u00f3 el pasado 21 de mayo en el predio San Antonio, podr\u00eda generar visibilidad de humo en municipios aleda\u00f1os debido a las condiciones clim\u00e1ticas; sin embargo, no representa un riesgo para la salud. Se espera que el incendio sea controlado en breve.<\/p>\n<p>En el lugar trabajan 48 brigadistas de la Comisi\u00f3n Nacional Forestal (Conafor) y de la Brigada Estatal de Manejo de Fuego de Sagarhpa y Protecci\u00f3n Civil Sonora.<\/p>\n<p>Armando Casta\u00f1eda S\u00e1nchez, coordinador estatal de Protecci\u00f3n Civil, exhort\u00f3 a la poblaci\u00f3n a no arrojar colillas de cigarro, basura o materiales inflamables en carreteras, caminos o zonas con vegetaci\u00f3n, ya que estas acciones son las principales causas del inicio de incendios forestales.<\/p>\n","protected":false},"excerpt":{"rendered":"<p>Hermosillo, Sonora; 28 de mayo de 2025.- El Gobierno de Sonora, a trav\u00e9s de la Coordinaci\u00f3n Estatal de Protecci\u00f3n Civil (CEPC) y en coordinaci\u00f3n con autoridades federales y municipales, contin\u00faa con los trabajos para combatir el incendio forestal en el municipio de Arizpe, el cual presenta un 50 por ciento de control y un 40 [&hellip;]<\/p>\n","protected":false},"author":2,"featured_media":219887,"comment_status":"closed","ping_status":"closed","sticky":false,"template":"","format":"standard","meta":{"footnotes":""},"categories":[12870,174],"tags":[12865,12873],"class_list":["post-219886","post","type-post","status-publish","format-standard","has-post-thumbnail","hentry","category-destacadas","category-estatal","tag-destacadas","tag-estatal"],"jetpack_featured_media_url":"https:\/\/rnoticias.com.mx\/Portal\/wp-content\/uploads\/2025\/05\/unnaw3med-19.jpg","amp_enabled":true,"_links":{"self":[{"href":"https:\/\/rnoticias.com.mx\/Portal\/wp-json\/wp\/v2\/posts\/219886","targetHints":{"allow":["GET"]}}],"collection":[{"href":"https:\/\/rnoticias.com.mx\/Portal\/wp-json\/wp\/v2\/posts"}],"about":[{"href":"https:\/\/rnoticias.com.mx\/Portal\/wp-json\/wp\/v2\/types\/post"}],"author":[{"embeddable":true,"href":"https:\/\/rnoticias.com.mx\/Portal\/wp-json\/wp\/v2\/users\/2"}],"replies":[{"embeddable":true,"href":"https:\/\/rnoticias.com.mx\/Portal\/wp-json\/wp\/v2\/comments?post=219886"}],"version-history":[{"count":1,"href":"https:\/\/rnoticias.com.mx\/Portal\/wp-json\/wp\/v2\/posts\/219886\/revisions"}],"predecessor-version":[{"id":219888,"href":"https:\/\/rnoticias.com.mx\/Portal\/wp-json\/wp\/v2\/posts\/219886\/revisions\/219888"}],"wp:featuredmedia":[{"embeddable":true,"href":"https:\/\/rnoticias.com.mx\/Portal\/wp-json\/wp\/v2\/media\/219887"}],"wp:attachment":[{"href":"https:\/\/rnoticias.com.mx\/Portal\/wp-json\/wp\/v2\/media?parent=219886"}],"wp:term":[{"taxonomy":"category","embeddable":true,"href":"https:\/\/rnoticias.com.mx\/Portal\/wp-json\/wp\/v2\/categories?post=219886"},{"taxonomy":"post_tag","embeddable":true,"href":"https:\/\/rnoticias.com.mx\/Portal\/wp-json\/wp\/v2\/tags?post=219886"}],"curies":[{"name":"wp","href":"https:\/\/api.w.org\/{rel}","templated":true}]}}