{"id":219880,"date":"2025-05-28T13:08:20","date_gmt":"2025-05-28T20:08:20","guid":{"rendered":"https:\/\/rnoticias.com.mx\/Portal\/?p=219880"},"modified":"2025-05-28T13:08:20","modified_gmt":"2025-05-28T20:08:20","slug":"fortalece-gobernador-durazo-infraestructura-academica-deportiva-y-de-mantenimiento-de-la-ues","status":"publish","type":"post","link":"https:\/\/rnoticias.com.mx\/Portal\/2025\/05\/28\/fortalece-gobernador-durazo-infraestructura-academica-deportiva-y-de-mantenimiento-de-la-ues\/","title":{"rendered":"Fortalece gobernador Durazo infraestructura acad\u00e9mica, deportiva y de mantenimiento de la UES"},"content":{"rendered":"<p>San Luis R\u00edo Colorado, Sonora; 28 de mayo de 2025.- Con el respaldo del gobernador Alfonso Durazo, la Universidad Estatal de Sonora (UES) contin\u00faa fortaleciendo sus espacios educativos con la entrega de equipamiento y materiales en la unidad acad\u00e9mica de San Luis R\u00edo Colorado, como parte de la transformaci\u00f3n de la educaci\u00f3n superior en la entidad.<\/p>\n<p>Entre el equipamiento entregado se incluyen dos aires acondicionados de 20 toneladas para el gimnasio universitario, 16 minisplits para aulas del edificio B y 14 pantallas destinadas a los laboratorios de c\u00f3mputo. Asimismo, se dot\u00f3 de material deportivo a la Coordinaci\u00f3n de Deportes para fomentar la activaci\u00f3n f\u00edsica de las y los estudiantes.<\/p>\n<p>La rectora de la UES, Martha Patricia Pati\u00f1o Fierro, supervis\u00f3 la entrega de insumos que beneficiar\u00e1n directamente las actividades acad\u00e9micas, deportivas y de mantenimiento, reafirmando el compromiso del Gobierno de Sonora con la creaci\u00f3n de entornos dignos, funcionales y de calidad para el desarrollo integral de la comunidad universitaria.<\/p>\n<p>Tambi\u00e9n se hizo entrega de 71 cubetas de pintura que ser\u00e1n utilizadas para labores de mantenimiento y mejora en las instalaciones de la unidad. La recepci\u00f3n de los insumos estuvo a cargo del encargado del despacho de la direcci\u00f3n, Carlos E. Ram\u00edrez Escamilla, quien acompa\u00f1\u00f3 a la rectora en un recorrido por las \u00e1reas que ser\u00e1n intervenidas.<\/p>\n","protected":false},"excerpt":{"rendered":"<p>San Luis R\u00edo Colorado, Sonora; 28 de mayo de 2025.- Con el respaldo del gobernador Alfonso Durazo, la Universidad Estatal de Sonora (UES) contin\u00faa fortaleciendo sus espacios educativos con la entrega de equipamiento y materiales en la unidad acad\u00e9mica de San Luis R\u00edo Colorado, como parte de la transformaci\u00f3n de la educaci\u00f3n superior en la [&hellip;]<\/p>\n","protected":false},"author":2,"featured_media":219881,"comment_status":"closed","ping_status":"closed","sticky":false,"template":"","format":"standard","meta":{"footnotes":""},"categories":[12870,174],"tags":[12865,12873],"class_list":["post-219880","post","type-post","status-publish","format-standard","has-post-thumbnail","hentry","category-destacadas","category-estatal","tag-destacadas","tag-estatal"],"jetpack_featured_media_url":"https:\/\/rnoticias.com.mx\/Portal\/wp-content\/uploads\/2025\/05\/unnamewwd-19.jpg","amp_enabled":true,"_links":{"self":[{"href":"https:\/\/rnoticias.com.mx\/Portal\/wp-json\/wp\/v2\/posts\/219880","targetHints":{"allow":["GET"]}}],"collection":[{"href":"https:\/\/rnoticias.com.mx\/Portal\/wp-json\/wp\/v2\/posts"}],"about":[{"href":"https:\/\/rnoticias.com.mx\/Portal\/wp-json\/wp\/v2\/types\/post"}],"author":[{"embeddable":true,"href":"https:\/\/rnoticias.com.mx\/Portal\/wp-json\/wp\/v2\/users\/2"}],"replies":[{"embeddable":true,"href":"https:\/\/rnoticias.com.mx\/Portal\/wp-json\/wp\/v2\/comments?post=219880"}],"version-history":[{"count":1,"href":"https:\/\/rnoticias.com.mx\/Portal\/wp-json\/wp\/v2\/posts\/219880\/revisions"}],"predecessor-version":[{"id":219882,"href":"https:\/\/rnoticias.com.mx\/Portal\/wp-json\/wp\/v2\/posts\/219880\/revisions\/219882"}],"wp:featuredmedia":[{"embeddable":true,"href":"https:\/\/rnoticias.com.mx\/Portal\/wp-json\/wp\/v2\/media\/219881"}],"wp:attachment":[{"href":"https:\/\/rnoticias.com.mx\/Portal\/wp-json\/wp\/v2\/media?parent=219880"}],"wp:term":[{"taxonomy":"category","embeddable":true,"href":"https:\/\/rnoticias.com.mx\/Portal\/wp-json\/wp\/v2\/categories?post=219880"},{"taxonomy":"post_tag","embeddable":true,"href":"https:\/\/rnoticias.com.mx\/Portal\/wp-json\/wp\/v2\/tags?post=219880"}],"curies":[{"name":"wp","href":"https:\/\/api.w.org\/{rel}","templated":true}]}}