{"id":219865,"date":"2025-05-28T12:05:34","date_gmt":"2025-05-28T19:05:34","guid":{"rendered":"https:\/\/rnoticias.com.mx\/Portal\/?p=219865"},"modified":"2025-05-28T12:05:34","modified_gmt":"2025-05-28T19:05:34","slug":"espinoza-paz-tambien-se-queda-sin-visa-en-plena-crisis-del-narcocorrido","status":"publish","type":"post","link":"https:\/\/rnoticias.com.mx\/Portal\/2025\/05\/28\/espinoza-paz-tambien-se-queda-sin-visa-en-plena-crisis-del-narcocorrido\/","title":{"rendered":"Espinoza Paz tambi\u00e9n se queda sin visa en plena crisis del narcocorrido"},"content":{"rendered":"<p>Tras la ola de artistas que sufren por la\u00a0<strong>documentaci\u00f3n\u00a0<\/strong>para ingresar a<strong>\u00a0Estados Unidos\u00a0<\/strong>con su\u00a0<strong>visa\u00a0<\/strong>de trabajo,\u00a0<strong>Espinoza Paz<\/strong>\u00a0ser\u00eda otro de las estrellas que no puede acudir a la\u00a0<strong>Uni\u00f3n Americana<\/strong>, seg\u00fan informaci\u00f3n de la\u00a0<strong>creadora de contenido<\/strong>\u00a0\u201cChamonic3\u201d, el\u00a0<strong>famoso\u00a0<\/strong>desde hace tres meses tiene esta situaci\u00f3n con su visado.<\/p>\n<p>Cabe recordar que<strong>\u00a0Espinoza Paz<\/strong>\u00a0no es el primer\u00a0<strong>artista\u00a0<\/strong>al que le sucede esto, cada vez son m\u00e1s los que se suman a la lista de afectados por no tener una\u00a0<strong>visa\u00a0<\/strong>de trabajo para viajar a Estados Unidos y cumplir incluso con las fechas que tienen programadas desde hace meses.<\/p>\n<p>El\u00a0<strong>cantante\u00a0<\/strong>y\u00a0<strong>compositor<\/strong>\u00a0de<strong>\u00a0m\u00fasica regional mexicana<\/strong>\u00a0ser\u00eda de los afectados por la documentaci\u00f3n para entrar a\u00a0<strong>Estados Unidos\u00a0<\/strong>y realizar conciertos, pero tampoco puede realizar viajes, ya que su visa como turista tampoco fue aceptada, seg\u00fan reporta la creadora de contenido.<\/p>\n<h2>\u00bfPor qu\u00e9 negaron la visa a Espinoza Paz?<\/h2>\n<p>Hasta el momento se desconoce la raz\u00f3n por la que el gobierno de\u00a0<strong>Estados Unidos<\/strong>\u00a0ha estado negando la\u00a0<strong>visa\u00a0<\/strong>de\u00a0<strong>trabajo<\/strong>\u00a0a varios\u00a0<strong>cantantes<\/strong>, ya que se especul\u00f3 que algunos artistas que cantan\u00a0<strong>narcocorridos\u00a0<\/strong>tendr\u00edan problemas con las letras de sus canciones, pero<strong>\u00a0Espinoza Paz<\/strong>\u00a0no interpreta este tipo de temas en su repertorio.<\/p>\n<aside class=\"htmlinline\"><\/aside>\n<p>Esta no es la primera vez que\u00a0<strong>Espinoza Paz<\/strong>\u00a0tiene problemas con su situaci\u00f3n migratoria, en 2015 el cantante casi cancelaba una presentaci\u00f3n en California, pero logr\u00f3 resolver su situaci\u00f3n, aunque no pas\u00f3 lo mismo con sus m\u00fasicos, quienes no lograron llegar a Estados Unidos.<\/p>\n<h2>\u00bfQu\u00e9 artistas se quedaron sin visa?<\/h2>\n<p><strong>Espinoza Paz<\/strong>,<strong>\u00a0Juli\u00f3n \u00c1lvarez<\/strong>,\u00a0<strong>Natanael Cano<\/strong>,\u00a0<strong>Calibre 50<\/strong>,\u00a0<strong>Grupo Firme<\/strong>\u00a0y\u00a0<strong>Lorenzo de Monteclaro<\/strong>, son solo algunos de los cantantes de m\u00fasica regional mexicana que tienen problemas para ingresar a Estados Unidos y obtener su visa de trabajo y en otros casos de turista para ellos y toda su familia.<\/p>\n<p>En las \u00faltimas semanas han cancelado eventos que ten\u00edan programados e incluso con\u00a0<strong>boletos\u00a0<\/strong>ya vendidos porque su documentaci\u00f3n fue negada. Hasta el momento se desconoce lo que pasar\u00e1 con los artistas que se quedaron sin visa de trabajo, ya que cada uno ha dado a conocer que su equipo legal est\u00e1 haciendo lo posible para recuperar la posibilidad de ingresar de nuevo a\u00a0<strong>Estados Unidos\u00a0<\/strong>y cumplirle a todos los fan\u00e1ticos que se han quedado con ganas de acudir a alguno de los eventos que han sido cancelados por esta situaci\u00f3n.<\/p>\n","protected":false},"excerpt":{"rendered":"<p>Tras la ola de artistas que sufren por la\u00a0documentaci\u00f3n\u00a0para ingresar a\u00a0Estados Unidos\u00a0con su\u00a0visa\u00a0de trabajo,\u00a0Espinoza Paz\u00a0ser\u00eda otro de las estrellas que no puede acudir a la\u00a0Uni\u00f3n Americana, seg\u00fan informaci\u00f3n de la\u00a0creadora de contenido\u00a0\u201cChamonic3\u201d, el\u00a0famoso\u00a0desde hace tres meses tiene esta situaci\u00f3n con su visado. Cabe recordar que\u00a0Espinoza Paz\u00a0no es el primer\u00a0artista\u00a0al que le sucede esto, cada vez [&hellip;]<\/p>\n","protected":false},"author":2,"featured_media":219866,"comment_status":"closed","ping_status":"closed","sticky":false,"template":"","format":"standard","meta":{"footnotes":""},"categories":[12870,219],"tags":[12865,12875],"class_list":["post-219865","post","type-post","status-publish","format-standard","has-post-thumbnail","hentry","category-destacadas","category-espectaculos","tag-destacadas","tag-espectaculos"],"jetpack_featured_media_url":"https:\/\/rnoticias.com.mx\/Portal\/wp-content\/uploads\/2025\/05\/f768x1-1130622_1130749_5050.jpg","amp_enabled":true,"_links":{"self":[{"href":"https:\/\/rnoticias.com.mx\/Portal\/wp-json\/wp\/v2\/posts\/219865","targetHints":{"allow":["GET"]}}],"collection":[{"href":"https:\/\/rnoticias.com.mx\/Portal\/wp-json\/wp\/v2\/posts"}],"about":[{"href":"https:\/\/rnoticias.com.mx\/Portal\/wp-json\/wp\/v2\/types\/post"}],"author":[{"embeddable":true,"href":"https:\/\/rnoticias.com.mx\/Portal\/wp-json\/wp\/v2\/users\/2"}],"replies":[{"embeddable":true,"href":"https:\/\/rnoticias.com.mx\/Portal\/wp-json\/wp\/v2\/comments?post=219865"}],"version-history":[{"count":1,"href":"https:\/\/rnoticias.com.mx\/Portal\/wp-json\/wp\/v2\/posts\/219865\/revisions"}],"predecessor-version":[{"id":219867,"href":"https:\/\/rnoticias.com.mx\/Portal\/wp-json\/wp\/v2\/posts\/219865\/revisions\/219867"}],"wp:featuredmedia":[{"embeddable":true,"href":"https:\/\/rnoticias.com.mx\/Portal\/wp-json\/wp\/v2\/media\/219866"}],"wp:attachment":[{"href":"https:\/\/rnoticias.com.mx\/Portal\/wp-json\/wp\/v2\/media?parent=219865"}],"wp:term":[{"taxonomy":"category","embeddable":true,"href":"https:\/\/rnoticias.com.mx\/Portal\/wp-json\/wp\/v2\/categories?post=219865"},{"taxonomy":"post_tag","embeddable":true,"href":"https:\/\/rnoticias.com.mx\/Portal\/wp-json\/wp\/v2\/tags?post=219865"}],"curies":[{"name":"wp","href":"https:\/\/api.w.org\/{rel}","templated":true}]}}