{"id":219862,"date":"2025-05-28T11:48:49","date_gmt":"2025-05-28T18:48:49","guid":{"rendered":"https:\/\/rnoticias.com.mx\/Portal\/?p=219862"},"modified":"2025-05-28T11:48:49","modified_gmt":"2025-05-28T18:48:49","slug":"invita-gobierno-de-sonora-a-participar-en-la-primera-consulta-nacional-para-estudiantes-de-bachillerato","status":"publish","type":"post","link":"https:\/\/rnoticias.com.mx\/Portal\/2025\/05\/28\/invita-gobierno-de-sonora-a-participar-en-la-primera-consulta-nacional-para-estudiantes-de-bachillerato\/","title":{"rendered":"Invita Gobierno de Sonora a participar en la Primera Consulta Nacional para Estudiantes de Bachillerato"},"content":{"rendered":"<p>Hermosillo, Sonora; 28 de mayo de 2025.- Con el prop\u00f3sito de que los j\u00f3venes sonorenses que cursan el bachillerato compartan sus experiencias y opiniones sobre lo que significa para ellos la preparatoria, el Gobierno de Sonora les exhorta a participar en la Primera Consulta Nacional para Estudiantes de Bachillerato en M\u00e9xico.<\/p>\n<p>La Secretar\u00eda de Educaci\u00f3n y Cultura (SEC) inform\u00f3 que la actividad, convocada por la Secretar\u00eda de Educaci\u00f3n P\u00fablica (SEP), a trav\u00e9s de la Subsecretar\u00eda de Educaci\u00f3n Media Superior (SEMS), busca conocer lo que el alumnado piensa y vive como estudiante de dicho nivel educativo.<\/p>\n<p>La dependencia educativa estatal invit\u00f3 a las y los j\u00f3venes a ingresar al portal\u00a0<a href=\"https:\/\/foronacional-ems.mx\/consultajovenes.php\" target=\"_blank\" rel=\"noopener\" data-saferedirecturl=\"https:\/\/www.google.com\/url?q=https:\/\/foronacional-ems.mx\/consultajovenes.php&amp;source=gmail&amp;ust=1748495223286000&amp;usg=AOvVaw10mV8yGnzugAZA0QEVuvml\">https:\/\/foronacional-ems.mx\/<wbr \/>consultajovenes.php<\/a>, donde podr\u00e1n responder el cuestionario que aborda temas como la importancia de la educaci\u00f3n media superior, calidad del bachillerato, modalidades y accesibilidad, preferencias sobre la vida escolar y su opini\u00f3n sobre una Ley de Educaci\u00f3n Media Superior.<\/p>\n<p>Para lograr una muestra representativa, amplia y equitativa, se requiere del apoyo de directivos, docentes y padres de familia para garantizar que esta consulta llegue a la comunidad estudiantil, sin importar su tama\u00f1o o ubicaci\u00f3n, promoviendo la participaci\u00f3n voluntaria de sus estudiantes mediante el llenado del cuestionario digital.<\/p>\n<p>La informaci\u00f3n recabada ser\u00e1 de gran utilidad para el dise\u00f1o de acciones y pol\u00edticas p\u00fablicas orientadas a fortalecer el entorno escolar, los procesos formativos y el bienestar integral del estudiantado.<\/p>\n<p>Las respuestas ser\u00e1n completamente an\u00f3nimas y no ser\u00e1n usadas para identificar de ninguna manera a los participantes.<\/p>\n","protected":false},"excerpt":{"rendered":"<p>Hermosillo, Sonora; 28 de mayo de 2025.- Con el prop\u00f3sito de que los j\u00f3venes sonorenses que cursan el bachillerato compartan sus experiencias y opiniones sobre lo que significa para ellos la preparatoria, el Gobierno de Sonora les exhorta a participar en la Primera Consulta Nacional para Estudiantes de Bachillerato en M\u00e9xico. La Secretar\u00eda de Educaci\u00f3n [&hellip;]<\/p>\n","protected":false},"author":2,"featured_media":219863,"comment_status":"closed","ping_status":"closed","sticky":false,"template":"","format":"standard","meta":{"footnotes":""},"categories":[12870,178],"tags":[12865,12869],"class_list":["post-219862","post","type-post","status-publish","format-standard","has-post-thumbnail","hentry","category-destacadas","category-local","tag-destacadas","tag-local"],"jetpack_featured_media_url":"https:\/\/rnoticias.com.mx\/Portal\/wp-content\/uploads\/2025\/05\/unnamed-31-1.jpg","amp_enabled":true,"_links":{"self":[{"href":"https:\/\/rnoticias.com.mx\/Portal\/wp-json\/wp\/v2\/posts\/219862","targetHints":{"allow":["GET"]}}],"collection":[{"href":"https:\/\/rnoticias.com.mx\/Portal\/wp-json\/wp\/v2\/posts"}],"about":[{"href":"https:\/\/rnoticias.com.mx\/Portal\/wp-json\/wp\/v2\/types\/post"}],"author":[{"embeddable":true,"href":"https:\/\/rnoticias.com.mx\/Portal\/wp-json\/wp\/v2\/users\/2"}],"replies":[{"embeddable":true,"href":"https:\/\/rnoticias.com.mx\/Portal\/wp-json\/wp\/v2\/comments?post=219862"}],"version-history":[{"count":1,"href":"https:\/\/rnoticias.com.mx\/Portal\/wp-json\/wp\/v2\/posts\/219862\/revisions"}],"predecessor-version":[{"id":219864,"href":"https:\/\/rnoticias.com.mx\/Portal\/wp-json\/wp\/v2\/posts\/219862\/revisions\/219864"}],"wp:featuredmedia":[{"embeddable":true,"href":"https:\/\/rnoticias.com.mx\/Portal\/wp-json\/wp\/v2\/media\/219863"}],"wp:attachment":[{"href":"https:\/\/rnoticias.com.mx\/Portal\/wp-json\/wp\/v2\/media?parent=219862"}],"wp:term":[{"taxonomy":"category","embeddable":true,"href":"https:\/\/rnoticias.com.mx\/Portal\/wp-json\/wp\/v2\/categories?post=219862"},{"taxonomy":"post_tag","embeddable":true,"href":"https:\/\/rnoticias.com.mx\/Portal\/wp-json\/wp\/v2\/tags?post=219862"}],"curies":[{"name":"wp","href":"https:\/\/api.w.org\/{rel}","templated":true}]}}