{"id":219858,"date":"2025-05-28T11:04:30","date_gmt":"2025-05-28T18:04:30","guid":{"rendered":"https:\/\/rnoticias.com.mx\/Portal\/?p=219858"},"modified":"2025-05-28T11:04:30","modified_gmt":"2025-05-28T18:04:30","slug":"invita-ayuntamiento-de-hermosillo-a-celebrar-la-feria-del-arbol-con-mega-donacion-y-platicas-sobre-cuidado-del-agua","status":"publish","type":"post","link":"https:\/\/rnoticias.com.mx\/Portal\/2025\/05\/28\/invita-ayuntamiento-de-hermosillo-a-celebrar-la-feria-del-arbol-con-mega-donacion-y-platicas-sobre-cuidado-del-agua\/","title":{"rendered":"Invita Ayuntamiento de Hermosillo a celebrar la Feria del \u00c1rbol con mega donaci\u00f3n y pl\u00e1ticas sobre cuidado del agua"},"content":{"rendered":"<p>Hermosillo, Sonora; 28 de mayo, 2025.- Una invitaci\u00f3n a sumarse a la Feria del \u00c1rbol extendi\u00f3 el Ayuntamiento de Hermosillo este jueves 29 de mayo de 5:00 a 7:00 de la tarde en el Parque Madero donde se llevar\u00e1 a cabo una celebraci\u00f3n especial con donaciones de especies nativas y charlas enriquecedoras sobre el cuidado del entorno.<\/p>\n<p>Amparo Fontanot, directora de Parques y Jardines, explic\u00f3 que esta edici\u00f3n incluir\u00e1 una mega donaci\u00f3n de cerca de mil \u00e1rboles nativos, entre los que se encuentran palo verde, palo fierro y tepehuaje, adem\u00e1s de ejemplares provenientes de una reserva especial del vivero municipal como chiltepines, palo chino, lantanas y ocotillos.<\/p>\n<p>\u201cEstamos muy contentos porque este 29 de mayo vamos a celebrar el D\u00eda del \u00c1rbol en la ciudad y vamos a hacerlo con donaciones donde vamos a tener palo verde, palo fierros, tepehuajes, mimbres, huam\u00fachiles que son los \u00e1rboles que ya hemos estado donando, pero tenemos unas sorpresas muy interesantes porque vamos a sacar la reserva especial del vivero\u201d, comparti\u00f3.<\/p>\n<p>Como parte de esta jornada tambi\u00e9n se llevar\u00e1n a cabo paneles sobre fuentes alternativas para el agua de riego, como \u201cCosecha de lluvia\u201d, impartida por Sergio Muller; \u201cUsos de aguas grises\u201d, a cargo de Gustavo Due\u00f1as; \u201cAgua Morada\u201d, con Miguel Santana; \u201cAgua de minisplit\u201d, por Aaron Monta\u00f1o y \u201cSistemas de riego por goteo dom\u00e9stico\u201d, a cargo de Eduardo Ortega.<\/p>\n<p>\u201cVamos a tener unas pl\u00e1ticas y un conversatorio, vamos a tener dos pl\u00e1ticas muy bonitas e interesantes porque estamos tomando el tema del agua, creemos que a las personas que nos gustan las plantas el tema del agua es muy importante, el ser muy responsable con su uso y vamos a tener unos invitados muy especiales\u201d, agreg\u00f3.<\/p>\n<p>Durante la Feria del \u00c1rbol se llevar\u00e1 a cabo tambi\u00e9n la rifa de guayacanes entre asistentes y se compartir\u00e1 una importante sorpresa para Hermosillo por parte de la iniciativa internacional Tree Cities of the World.<\/p>\n<p>El Gobierno Municipal que encabeza Antonio Astiazar\u00e1n invita a la ciudadan\u00eda a ser parte de este esfuerzo colectivo para hacer de Hermosillo una ciudad m\u00e1s verde, sustentable y consciente del valor de nuestras especies nativas.<\/p>\n<p>Detalles:<br \/>\nPersonas interesadas en registrarse para recibir un \u00e1rbol lo pueden hacer a trav\u00e9s del c\u00f3digo QR o redes sociales del Ayuntamiento de Hermosillo como @HermosilloGob en Twitter e Instagram y Gobierno de Hermosillo en Facebook.<\/p>\n","protected":false},"excerpt":{"rendered":"<p>Hermosillo, Sonora; 28 de mayo, 2025.- Una invitaci\u00f3n a sumarse a la Feria del \u00c1rbol extendi\u00f3 el Ayuntamiento de Hermosillo este jueves 29 de mayo de 5:00 a 7:00 de la tarde en el Parque Madero donde se llevar\u00e1 a cabo una celebraci\u00f3n especial con donaciones de especies nativas y charlas enriquecedoras sobre el cuidado [&hellip;]<\/p>\n","protected":false},"author":2,"featured_media":219859,"comment_status":"closed","ping_status":"closed","sticky":false,"template":"","format":"standard","meta":{"footnotes":""},"categories":[12870,178],"tags":[12865,12869],"class_list":["post-219858","post","type-post","status-publish","format-standard","has-post-thumbnail","hentry","category-destacadas","category-local","tag-destacadas","tag-local"],"jetpack_featured_media_url":"https:\/\/rnoticias.com.mx\/Portal\/wp-content\/uploads\/2025\/05\/WhatsApp-Image-2025-05-28-at-7.33.21-AM.jpeg","amp_enabled":true,"_links":{"self":[{"href":"https:\/\/rnoticias.com.mx\/Portal\/wp-json\/wp\/v2\/posts\/219858","targetHints":{"allow":["GET"]}}],"collection":[{"href":"https:\/\/rnoticias.com.mx\/Portal\/wp-json\/wp\/v2\/posts"}],"about":[{"href":"https:\/\/rnoticias.com.mx\/Portal\/wp-json\/wp\/v2\/types\/post"}],"author":[{"embeddable":true,"href":"https:\/\/rnoticias.com.mx\/Portal\/wp-json\/wp\/v2\/users\/2"}],"replies":[{"embeddable":true,"href":"https:\/\/rnoticias.com.mx\/Portal\/wp-json\/wp\/v2\/comments?post=219858"}],"version-history":[{"count":1,"href":"https:\/\/rnoticias.com.mx\/Portal\/wp-json\/wp\/v2\/posts\/219858\/revisions"}],"predecessor-version":[{"id":219860,"href":"https:\/\/rnoticias.com.mx\/Portal\/wp-json\/wp\/v2\/posts\/219858\/revisions\/219860"}],"wp:featuredmedia":[{"embeddable":true,"href":"https:\/\/rnoticias.com.mx\/Portal\/wp-json\/wp\/v2\/media\/219859"}],"wp:attachment":[{"href":"https:\/\/rnoticias.com.mx\/Portal\/wp-json\/wp\/v2\/media?parent=219858"}],"wp:term":[{"taxonomy":"category","embeddable":true,"href":"https:\/\/rnoticias.com.mx\/Portal\/wp-json\/wp\/v2\/categories?post=219858"},{"taxonomy":"post_tag","embeddable":true,"href":"https:\/\/rnoticias.com.mx\/Portal\/wp-json\/wp\/v2\/tags?post=219858"}],"curies":[{"name":"wp","href":"https:\/\/api.w.org\/{rel}","templated":true}]}}