{"id":219855,"date":"2025-05-28T10:54:31","date_gmt":"2025-05-28T17:54:31","guid":{"rendered":"https:\/\/rnoticias.com.mx\/Portal\/?p=219855"},"modified":"2025-05-28T10:54:31","modified_gmt":"2025-05-28T17:54:31","slug":"oms-nueva-variante-de-covid-19-podria-estar-aumentando-los-casos-en-algunas-partes-del-mundo","status":"publish","type":"post","link":"https:\/\/rnoticias.com.mx\/Portal\/2025\/05\/28\/oms-nueva-variante-de-covid-19-podria-estar-aumentando-los-casos-en-algunas-partes-del-mundo\/","title":{"rendered":"OMS: Nueva variante de COVID-19 podr\u00eda estar aumentando los casos en algunas partes del mundo"},"content":{"rendered":"<p>Los casos de COVID-19 est\u00e1n aumentando nuevamente a medida que una nueva variante comienza a circular en algunas partes del mundo.\u00a0<strong>La Organizaci\u00f3n Mundial de la Salud dijo el mi\u00e9rcoles que el aumento de casos se da principalmente en las regiones del Mediterr\u00e1neo oriental, el sudeste asi\u00e1tico y el Pac\u00edfico occidental.<\/strong><\/p>\n<p>El control en los aeropuertos de Estados Unidos ha detectado la nueva variante en viajeros que llegan desde esas\u00a0<strong>regiones a destinos en California, el estado de Washington, Virginia y Nueva York.<\/strong><\/p>\n<p><strong>La nueva variante se llama NB.1.8.1. Llega en un momento en que la postura oficial de Estados Unidos sobre la vacunaci\u00f3n contra el COVID-19 est\u00e1 cambiando.<\/strong>\u00a0El martes, el secretario de Salud Robert F. Kennedy Jr. anunci\u00f3 que las vacunas contra el COVID-19 ya no se recomiendan para ni\u00f1os sanos y mujeres embarazadas, una medida que fue cuestionada de inmediato por varios expertos en salud p\u00fablica.<\/p>\n<p>La nueva variante hab\u00eda alcanzado para mediados de mayo casi el 11% de las muestras secuenciadas reportadas. La OMS la ha designado como una \u201cvariante bajo monitoreo\u201d y considera que el riesgo para la salud p\u00fablica es bajo a nivel global, con las vacunas actuales que se espera sigan siendo efectivas.<\/p>\n<p><strong>La OMS dijo que algunos pa\u00edses del Pac\u00edfico occidental han reportado aumentos en los casos de COVID<\/strong>\u00a0y hospitalizaciones, pero hasta ahora no hay nada que sugiera que la enfermedad asociada con la nueva variante sea m\u00e1s grave en comparaci\u00f3n con otras variantes.<\/p>\n<p><strong>La variante llamada LP.8.1 es actualmente la versi\u00f3n dominante en Estados Unidos y a nivel global.<\/strong><\/p>\n<div class=\"stream-item stream-item-in-post stream-item-inline-post aligncenter\">\n<div class=\"stream-item-size\"><\/div>\n<\/div>\n<div id=\"st-1\" class=\"sharethis-inline-reaction-buttons st-inline-reaction-buttons st-center  st-has-labels st-lang-es\">\n<div class=\"st-btn st-first\" data-reaction=\"slight_smile\"><span class=\"st-count\">AP<\/span><\/div>\n<\/div>\n","protected":false},"excerpt":{"rendered":"<p>Los casos de COVID-19 est\u00e1n aumentando nuevamente a medida que una nueva variante comienza a circular en algunas partes del mundo.\u00a0La Organizaci\u00f3n Mundial de la Salud dijo el mi\u00e9rcoles que el aumento de casos se da principalmente en las regiones del Mediterr\u00e1neo oriental, el sudeste asi\u00e1tico y el Pac\u00edfico occidental. El control en los aeropuertos [&hellip;]<\/p>\n","protected":false},"author":2,"featured_media":219856,"comment_status":"closed","ping_status":"closed","sticky":false,"template":"","format":"standard","meta":{"footnotes":""},"categories":[12870,182],"tags":[12865,12871],"class_list":["post-219855","post","type-post","status-publish","format-standard","has-post-thumbnail","hentry","category-destacadas","category-internacional","tag-destacadas","tag-internacional"],"jetpack_featured_media_url":"https:\/\/rnoticias.com.mx\/Portal\/wp-content\/uploads\/2025\/05\/sars_cov_2_shutterstock_1889563108_crop_0.jpg","amp_enabled":true,"_links":{"self":[{"href":"https:\/\/rnoticias.com.mx\/Portal\/wp-json\/wp\/v2\/posts\/219855","targetHints":{"allow":["GET"]}}],"collection":[{"href":"https:\/\/rnoticias.com.mx\/Portal\/wp-json\/wp\/v2\/posts"}],"about":[{"href":"https:\/\/rnoticias.com.mx\/Portal\/wp-json\/wp\/v2\/types\/post"}],"author":[{"embeddable":true,"href":"https:\/\/rnoticias.com.mx\/Portal\/wp-json\/wp\/v2\/users\/2"}],"replies":[{"embeddable":true,"href":"https:\/\/rnoticias.com.mx\/Portal\/wp-json\/wp\/v2\/comments?post=219855"}],"version-history":[{"count":1,"href":"https:\/\/rnoticias.com.mx\/Portal\/wp-json\/wp\/v2\/posts\/219855\/revisions"}],"predecessor-version":[{"id":219857,"href":"https:\/\/rnoticias.com.mx\/Portal\/wp-json\/wp\/v2\/posts\/219855\/revisions\/219857"}],"wp:featuredmedia":[{"embeddable":true,"href":"https:\/\/rnoticias.com.mx\/Portal\/wp-json\/wp\/v2\/media\/219856"}],"wp:attachment":[{"href":"https:\/\/rnoticias.com.mx\/Portal\/wp-json\/wp\/v2\/media?parent=219855"}],"wp:term":[{"taxonomy":"category","embeddable":true,"href":"https:\/\/rnoticias.com.mx\/Portal\/wp-json\/wp\/v2\/categories?post=219855"},{"taxonomy":"post_tag","embeddable":true,"href":"https:\/\/rnoticias.com.mx\/Portal\/wp-json\/wp\/v2\/tags?post=219855"}],"curies":[{"name":"wp","href":"https:\/\/api.w.org\/{rel}","templated":true}]}}