{"id":219843,"date":"2025-05-28T10:45:23","date_gmt":"2025-05-28T17:45:23","guid":{"rendered":"https:\/\/rnoticias.com.mx\/Portal\/?p=219843"},"modified":"2025-05-28T10:45:23","modified_gmt":"2025-05-28T17:45:23","slug":"barbara-de-regil-habla-sobre-acusaciones-contra-memo-del-bosque","status":"publish","type":"post","link":"https:\/\/rnoticias.com.mx\/Portal\/2025\/05\/28\/barbara-de-regil-habla-sobre-acusaciones-contra-memo-del-bosque\/","title":{"rendered":"B\u00e1rbara de Regil habla sobre acusaciones contra Memo del Bosque"},"content":{"rendered":"<p>D\u00edas despu\u00e9s de que sus declaraciones en el reality \u201cSecretos de pareja\u201d generaran una oleada de reacciones en las redes sociales, B\u00e1rbara de Regil volvi\u00f3 a hablar sobre el presunto acoso que habr\u00eda vivido por parte del productor\u00a0<strong>Guillermo del Bosque.<\/strong><\/p>\n<p>La actriz dio su testimonio en uno de los episodios del programa, pero no fue sino hasta que \u00e9ste se viraliz\u00f3 cuando las cr\u00edticas y cuestionamientos comenzaron a circular.<\/p>\n<p>Entre los comentarios m\u00e1s recurrentes estaba la pregunta: \u00bfpor qu\u00e9 esper\u00f3 hasta despu\u00e9s de la muerte del productor para hablar? Ante ello,\u00a0<strong>B\u00e1rbara decidi\u00f3 romper el silencio y explicar los motivos de su decisi\u00f3n.<\/strong><\/p>\n<p>La protagonista de<strong>\u00a0\u201cRosario Tijeras\u201d\u00a0<\/strong>inici\u00f3 record\u00e1ndole a sus seguidores que, meses atr\u00e1s, ya hab\u00eda hablado sobre este tema; sin embargo, se neg\u00f3 a dar el nombre de su presunto agresor porque no se estaba lista para enfrentarlo.<\/p>\n<p><strong><em>\u201cEn ese momento no me sent\u00eda lista porque ten\u00eda miedo, miedo por el poder de alguien arriba y no me atrev\u00eda a decir el nombre\u201d<\/em><\/strong>, dijo en un mensaje en video que public\u00f3 en sus historias de Instagram.<\/p>\n<p>De Regil enfatiz\u00f3 que el miedo puede paralizar a las v\u00edctimas, por lo que no existe un tiempo correcto para alzar la voz.<\/p>\n<div class=\"stream-item stream-item-in-post stream-item-inline-post aligncenter\">\n<div class=\"stream-item-size\"><\/div>\n<\/div>\n<p>\u201c<strong><em>Hablar de un abusador no es f\u00e1cil, no importa que hayan pasado tres d\u00edas o 10 a\u00f1os. Cada quien rompe el silencio cuando puede y cuando quiere y creo que cuando lo haces no es por vengarte, sino por liberarte\u201d<\/em><\/strong>, agreg\u00f3.<\/p>\n<p>Asimismo,\u00a0<strong>explic\u00f3 las razones por las que expuso a Del Bosque como su presunto agresor; y es que, afirm\u00f3, quiere ser un ejemplo para su hija Mar.<\/strong><\/p>\n<p><strong><em>\u201cSi eso le hicieran a Mar me gustar\u00eda que lo dijera y que no tuviera miedo. Esa es una de las razones por las que decid\u00ed hablar: el ejemplo a Mar\u201d.<\/em><\/strong><\/p>\n<p>La tambi\u00e9n influencer aprovech\u00f3 el momento para exhortar a las v\u00edctimas a que no guarden silencio y expongan los nombres de sus agresores.<\/p>\n<p><strong><em>\u201cOtra cosa por la que creo importante hablar es para prevenir a futuras v\u00edctimas. Es para que se sepa y no vuelva a pasar. No te calles, no lo justifiques y no lo minimices\u201d.<\/em><\/strong><\/p>\n<p>Tambi\u00e9n pidi\u00f3 que esta situaci\u00f3n no aliente a falsas acusaciones de personas que s\u00f3lo buscan obtener un beneficio abusando de la causa.<\/p>\n<p>Por \u00faltimo, dej\u00f3 claro que su intenci\u00f3n no era atacar al productor y mucho menos tomar represalias en su contra; simplemente romper el silencio.<\/p>\n<p>Estas palabras llegan en medio de las declaraciones de Guillermo Pous, abogado de Vica Andrade -viuda de Del Bosque-, quien no s\u00f3lo neg\u00f3 lo dicho por la actriz; sino que calific\u00f3 su testimonio como<strong>\u00a0\u201ccobarde\u201d\u00a0<\/strong>y le pidi\u00f3 comprobar la acusaci\u00f3n; algo que B\u00e1rbara no retom\u00f3 en sus mensajes<\/p>\n<p>&nbsp;<\/p>\n<p>El Universal<\/p>\n","protected":false},"excerpt":{"rendered":"<p>D\u00edas despu\u00e9s de que sus declaraciones en el reality \u201cSecretos de pareja\u201d generaran una oleada de reacciones en las redes sociales, B\u00e1rbara de Regil volvi\u00f3 a hablar sobre el presunto acoso que habr\u00eda vivido por parte del productor\u00a0Guillermo del Bosque. La actriz dio su testimonio en uno de los episodios del programa, pero no fue [&hellip;]<\/p>\n","protected":false},"author":2,"featured_media":219844,"comment_status":"closed","ping_status":"closed","sticky":false,"template":"","format":"standard","meta":{"footnotes":""},"categories":[12870,219],"tags":[12865,12875],"class_list":["post-219843","post","type-post","status-publish","format-standard","has-post-thumbnail","hentry","category-destacadas","category-espectaculos","tag-destacadas","tag-espectaculos"],"jetpack_featured_media_url":"https:\/\/rnoticias.com.mx\/Portal\/wp-content\/uploads\/2025\/05\/AA1FmyFF.jpg","amp_enabled":true,"_links":{"self":[{"href":"https:\/\/rnoticias.com.mx\/Portal\/wp-json\/wp\/v2\/posts\/219843","targetHints":{"allow":["GET"]}}],"collection":[{"href":"https:\/\/rnoticias.com.mx\/Portal\/wp-json\/wp\/v2\/posts"}],"about":[{"href":"https:\/\/rnoticias.com.mx\/Portal\/wp-json\/wp\/v2\/types\/post"}],"author":[{"embeddable":true,"href":"https:\/\/rnoticias.com.mx\/Portal\/wp-json\/wp\/v2\/users\/2"}],"replies":[{"embeddable":true,"href":"https:\/\/rnoticias.com.mx\/Portal\/wp-json\/wp\/v2\/comments?post=219843"}],"version-history":[{"count":1,"href":"https:\/\/rnoticias.com.mx\/Portal\/wp-json\/wp\/v2\/posts\/219843\/revisions"}],"predecessor-version":[{"id":219845,"href":"https:\/\/rnoticias.com.mx\/Portal\/wp-json\/wp\/v2\/posts\/219843\/revisions\/219845"}],"wp:featuredmedia":[{"embeddable":true,"href":"https:\/\/rnoticias.com.mx\/Portal\/wp-json\/wp\/v2\/media\/219844"}],"wp:attachment":[{"href":"https:\/\/rnoticias.com.mx\/Portal\/wp-json\/wp\/v2\/media?parent=219843"}],"wp:term":[{"taxonomy":"category","embeddable":true,"href":"https:\/\/rnoticias.com.mx\/Portal\/wp-json\/wp\/v2\/categories?post=219843"},{"taxonomy":"post_tag","embeddable":true,"href":"https:\/\/rnoticias.com.mx\/Portal\/wp-json\/wp\/v2\/tags?post=219843"}],"curies":[{"name":"wp","href":"https:\/\/api.w.org\/{rel}","templated":true}]}}