{"id":219836,"date":"2025-05-28T10:41:45","date_gmt":"2025-05-28T17:41:45","guid":{"rendered":"https:\/\/rnoticias.com.mx\/Portal\/?p=219836"},"modified":"2025-05-28T10:41:45","modified_gmt":"2025-05-28T17:41:45","slug":"carlos-vela-ratifica-su-adios-al-futbol-profesional","status":"publish","type":"post","link":"https:\/\/rnoticias.com.mx\/Portal\/2025\/05\/28\/carlos-vela-ratifica-su-adios-al-futbol-profesional\/","title":{"rendered":"Carlos Vela ratifica su adi\u00f3s al futbol profesional"},"content":{"rendered":"<p><b>Carlos Vela<\/b>\u00a0confirm\u00f3 su retiro como futbolista profesional este 27 de mayo, algo que se ve\u00eda venir, pues el delantero mexicano s\u00f3lo hab\u00eda disputado cuatro minutos con su \u00faltimo equipo,\u00a0<b>Los<\/b>\u00a0<b>\u00c1ngeles FC<\/b>, entre 2024 y 2025.<\/p>\n<p>\u201cA lo largo de mi carrera he vivido momentos muy especiales, pero ha llegado el momento de oficialmente retirarme del futbol profesional. No hay palabras suficientes para expresar el agradecimiento que tengo por mi familia, todos los clubes que me dieron la oportunidad y a la afici\u00f3n por su apoyo y cari\u00f1o. Gracias\u201d, expres\u00f3 Vela en sus redes sociales.<\/p>\n<p>Tambi\u00e9n public\u00f3 un video de 30 segundos portando las playeras de todos los equipos en los que particip\u00f3 y los trofeos que obtuvo, desde sus inicios en las fuerzas b\u00e1sicas de Chivas hasta Los \u00c1ngeles FC, que fue su \u00fanico club oficial en el continente americano.<\/p>\n<p>\u201cHa sido un honor y un privilegio compartir mi carrera con todos ustedes\u201d, agreg\u00f3 el nacido en Canc\u00fan, Quintana Roo, hace 36 a\u00f1os.<\/p>\n<p><b>Carlos Vela<\/b>\u00a0se integr\u00f3 a\u00a0<b>Los \u00c1ngeles FC<\/b>\u00a0en 2018 como jugador franquicia, con el objetivo de convertirse en el\u00a0principal rostro\u00a0de un club que acaba de nacer en la m\u00e1xima liga de Estados Unidos, la\u00a0<b>MLS<\/b>.<\/p>\n<p>Con experiencia de 12 a\u00f1os en Europa, entre los clubes\u00a0<b>Salamanca<\/b>,\u00a0<b>Osasuna<\/b>,\u00a0<b>Arsenal<\/b>,\u00a0<b>West<\/b>\u00a0<b>Bromwich Albion<\/b>\u00a0y\u00a0<b>Real Sociedad<\/b>, se estableci\u00f3 no s\u00f3lo como el referente medi\u00e1tico de\u00a0<b>Los<\/b>\u00a0<b>\u00c1ngeles FC<\/b>, sino tambi\u00e9n como su capit\u00e1n, l\u00edder hist\u00f3rico de apariciones (152), minutos (11,194) goles (78) y asistencias (59).<\/p>\n<p>Estados Unidos le permiti\u00f3 llevar una vida m\u00e1s tranquila y cercana a su verdadera pasi\u00f3n: el basquetbol. Compagin\u00f3 esa calma con su retiro de la Selecci\u00f3n Mexicana desde mayo de 2019.<\/p>\n<p>\u201cCarlos lleg\u00f3 a Los \u00c1ngeles con una visi\u00f3n compartida de construir algo especial, y cumpli\u00f3 con esa promesa de muchas maneras. Con goles inolvidables y victorias hist\u00f3ricas, ayud\u00f3 a convertir a LAFC en lo que es hoy\u201d, valor\u00f3 John Thorrington, copresidente y gerente general del equipo de California.<\/p>\n<p>Adem\u00e1s, anunci\u00f3 que Vela continuar\u00e1 como parte del club, pero ahora en el puesto de embajador: \u201cEn su nuevo rol, nos ayudar\u00e1 a crecer la marca, a fortalecer la conexi\u00f3n con nuestros aficionados y a continuar inspirando a la pr\u00f3xima generaci\u00f3n de jugadores\u201d.<\/p>\n","protected":false},"excerpt":{"rendered":"<p>Carlos Vela\u00a0confirm\u00f3 su retiro como futbolista profesional este 27 de mayo, algo que se ve\u00eda venir, pues el delantero mexicano s\u00f3lo hab\u00eda disputado cuatro minutos con su \u00faltimo equipo,\u00a0Los\u00a0\u00c1ngeles FC, entre 2024 y 2025. \u201cA lo largo de mi carrera he vivido momentos muy especiales, pero ha llegado el momento de oficialmente retirarme del futbol [&hellip;]<\/p>\n","protected":false},"author":2,"featured_media":219837,"comment_status":"closed","ping_status":"closed","sticky":false,"template":"","format":"standard","meta":{"footnotes":""},"categories":[188,12870],"tags":[5231,12865],"class_list":["post-219836","post","type-post","status-publish","format-standard","has-post-thumbnail","hentry","category-deportes","category-destacadas","tag-deportes","tag-destacadas"],"jetpack_featured_media_url":"https:\/\/rnoticias.com.mx\/Portal\/wp-content\/uploads\/2025\/05\/Vela-380x285-1.jpg","amp_enabled":true,"_links":{"self":[{"href":"https:\/\/rnoticias.com.mx\/Portal\/wp-json\/wp\/v2\/posts\/219836","targetHints":{"allow":["GET"]}}],"collection":[{"href":"https:\/\/rnoticias.com.mx\/Portal\/wp-json\/wp\/v2\/posts"}],"about":[{"href":"https:\/\/rnoticias.com.mx\/Portal\/wp-json\/wp\/v2\/types\/post"}],"author":[{"embeddable":true,"href":"https:\/\/rnoticias.com.mx\/Portal\/wp-json\/wp\/v2\/users\/2"}],"replies":[{"embeddable":true,"href":"https:\/\/rnoticias.com.mx\/Portal\/wp-json\/wp\/v2\/comments?post=219836"}],"version-history":[{"count":1,"href":"https:\/\/rnoticias.com.mx\/Portal\/wp-json\/wp\/v2\/posts\/219836\/revisions"}],"predecessor-version":[{"id":219838,"href":"https:\/\/rnoticias.com.mx\/Portal\/wp-json\/wp\/v2\/posts\/219836\/revisions\/219838"}],"wp:featuredmedia":[{"embeddable":true,"href":"https:\/\/rnoticias.com.mx\/Portal\/wp-json\/wp\/v2\/media\/219837"}],"wp:attachment":[{"href":"https:\/\/rnoticias.com.mx\/Portal\/wp-json\/wp\/v2\/media?parent=219836"}],"wp:term":[{"taxonomy":"category","embeddable":true,"href":"https:\/\/rnoticias.com.mx\/Portal\/wp-json\/wp\/v2\/categories?post=219836"},{"taxonomy":"post_tag","embeddable":true,"href":"https:\/\/rnoticias.com.mx\/Portal\/wp-json\/wp\/v2\/tags?post=219836"}],"curies":[{"name":"wp","href":"https:\/\/api.w.org\/{rel}","templated":true}]}}