{"id":219830,"date":"2025-05-28T10:35:55","date_gmt":"2025-05-28T17:35:55","guid":{"rendered":"https:\/\/rnoticias.com.mx\/Portal\/?p=219830"},"modified":"2025-05-28T10:35:55","modified_gmt":"2025-05-28T17:35:55","slug":"luis-angel-malagon-desmiente-supuesta-violencia-contra-su-pareja","status":"publish","type":"post","link":"https:\/\/rnoticias.com.mx\/Portal\/2025\/05\/28\/luis-angel-malagon-desmiente-supuesta-violencia-contra-su-pareja\/","title":{"rendered":"Luis \u00c1ngel Malag\u00f3n desmiente supuesta violencia contra su pareja"},"content":{"rendered":"<p>Luis \u00c1ngel Malag\u00f3n,\u00a0<strong>portero del Am\u00e9rica<\/strong>, ha sido denunciado el pasado lunes por su pareja, por supuestos actos de violencia.<\/p>\n<p>Sin embargo, el arquero mexicano desminti\u00f3 mediante redes sociales las informaci\u00f3n que hasta ayer hab\u00eda salido. Malag\u00f3n public\u00f3 un mensaje en la madrugada de este mi\u00e9rcoles.<\/p>\n<p><strong><em>\u201cSin palabras despu\u00e9s de todos los chismes y difamaciones sobre mi persona, Dios bien sabe que no debo nada a nadie y sobre todo tengo mi conciencia tranquila\u201d<\/em><\/strong>, escribi\u00f3 Luis \u00c1ngel en una historia de Instagram.<\/p>\n<figure class=\"wp-block-image size-full\"><img loading=\"lazy\" decoding=\"async\" class=\"wp-image-1754638\" src=\"https:\/\/eldiariodecoahuila.com.mx\/wp-content\/uploads\/2025\/05\/Captura-de-pantalla-2025-05-28-111345.jpg\" alt=\"\" width=\"473\" height=\"749\" \/><\/figure>\n<p><strong><em>\u201cDios bendiga a todos esos que s\u00f3lo desean el mal. Todo cae sobre su propio peso y s\u00e9 que pagar\u00e1n los lenguas largas\u201d<\/em><\/strong>, agreg\u00f3 el tambi\u00e9n portero de la Selecci\u00f3n Mexicana.<\/p>\n<p>Por ahora, las \u00c1guilas del Am\u00e9rica no se han manifestado al respecto.<strong>\u00a0El s\u00e1bado enfrentan a Los \u00c1ngeles FC, en el BMO Stadium, por un boleto al Mundial de Clubes.<\/strong><\/p>\n<p>&nbsp;<\/p>\n<p>El Universal<\/p>\n","protected":false},"excerpt":{"rendered":"<p>Luis \u00c1ngel Malag\u00f3n,\u00a0portero del Am\u00e9rica, ha sido denunciado el pasado lunes por su pareja, por supuestos actos de violencia. Sin embargo, el arquero mexicano desminti\u00f3 mediante redes sociales las informaci\u00f3n que hasta ayer hab\u00eda salido. Malag\u00f3n public\u00f3 un mensaje en la madrugada de este mi\u00e9rcoles. \u201cSin palabras despu\u00e9s de todos los chismes y difamaciones sobre [&hellip;]<\/p>\n","protected":false},"author":2,"featured_media":219831,"comment_status":"closed","ping_status":"closed","sticky":false,"template":"","format":"standard","meta":{"footnotes":""},"categories":[188,12870],"tags":[5231,12865],"class_list":["post-219830","post","type-post","status-publish","format-standard","has-post-thumbnail","hentry","category-deportes","category-destacadas","tag-deportes","tag-destacadas"],"jetpack_featured_media_url":"https:\/\/rnoticias.com.mx\/Portal\/wp-content\/uploads\/2025\/05\/luis-angel-malagon-america.jpg","amp_enabled":true,"_links":{"self":[{"href":"https:\/\/rnoticias.com.mx\/Portal\/wp-json\/wp\/v2\/posts\/219830","targetHints":{"allow":["GET"]}}],"collection":[{"href":"https:\/\/rnoticias.com.mx\/Portal\/wp-json\/wp\/v2\/posts"}],"about":[{"href":"https:\/\/rnoticias.com.mx\/Portal\/wp-json\/wp\/v2\/types\/post"}],"author":[{"embeddable":true,"href":"https:\/\/rnoticias.com.mx\/Portal\/wp-json\/wp\/v2\/users\/2"}],"replies":[{"embeddable":true,"href":"https:\/\/rnoticias.com.mx\/Portal\/wp-json\/wp\/v2\/comments?post=219830"}],"version-history":[{"count":1,"href":"https:\/\/rnoticias.com.mx\/Portal\/wp-json\/wp\/v2\/posts\/219830\/revisions"}],"predecessor-version":[{"id":219832,"href":"https:\/\/rnoticias.com.mx\/Portal\/wp-json\/wp\/v2\/posts\/219830\/revisions\/219832"}],"wp:featuredmedia":[{"embeddable":true,"href":"https:\/\/rnoticias.com.mx\/Portal\/wp-json\/wp\/v2\/media\/219831"}],"wp:attachment":[{"href":"https:\/\/rnoticias.com.mx\/Portal\/wp-json\/wp\/v2\/media?parent=219830"}],"wp:term":[{"taxonomy":"category","embeddable":true,"href":"https:\/\/rnoticias.com.mx\/Portal\/wp-json\/wp\/v2\/categories?post=219830"},{"taxonomy":"post_tag","embeddable":true,"href":"https:\/\/rnoticias.com.mx\/Portal\/wp-json\/wp\/v2\/tags?post=219830"}],"curies":[{"name":"wp","href":"https:\/\/api.w.org\/{rel}","templated":true}]}}