{"id":219805,"date":"2025-05-27T22:37:34","date_gmt":"2025-05-28T05:37:34","guid":{"rendered":"https:\/\/rnoticias.com.mx\/Portal\/?p=219805"},"modified":"2025-05-27T22:37:34","modified_gmt":"2025-05-28T05:37:34","slug":"anuncian-funcion-de-box-y-el-regreso-del-gallo-estrada-a-hermosillo","status":"publish","type":"post","link":"https:\/\/rnoticias.com.mx\/Portal\/2025\/05\/27\/anuncian-funcion-de-box-y-el-regreso-del-gallo-estrada-a-hermosillo\/","title":{"rendered":"Anuncian funci\u00f3n de box y el regreso del Gallo Estrada a Hermosillo"},"content":{"rendered":"<p>Este 14 de junio en el Centro de Usos M\u00faltiples (CUM) de Hermosillo se volver\u00e1 a vestir de gala para ser la sede de una cartelera box\u00edstica, donde sobresale el regreso del campe\u00f3n mundial en dos divisiones, Juan Francisco \u201cGallo\u201d Estrada y de la boxeadora local Camila Zamorano que va en b\u00fasqueda del t\u00edtulo mundial peso \u00c1tomo del Consejo Mundial de Boxeo (CMB).<\/p>\n<p>&nbsp;<\/p>\n<p>Primeramente, Rafael Soto Gil, promotor de esta cartelera, coment\u00f3 que para esa funci\u00f3n se preparan al menos 17 combates y en donde destacar\u00e1n la estelar del Gallo Estrada contra muy probablemente Karim \u201cTraviesito\u201d Arce y de Camila \u201cLa Magnifica\u201d Zamorano contra la japonesa Mika Iwakawa en la coestelar.<\/p>\n<p>&nbsp;<\/p>\n<p><strong>\u201cVa a ser un evento que va a ser transmitido por TV Azteca, muy probablemente vengan los narradores como Julio Cesar Ch\u00e1vez, Rodolfo Vargas, Rafa Ayala y el se\u00f1or Eduardo Lamaz\u00f3n por cuestiones de salud lo har\u00e1 v\u00eda digital desde M\u00e9xico\u201d, extern\u00f3.<\/strong><\/p>\n<p>&nbsp;<\/p>\n<p>Por su parte, el ex campe\u00f3n mundial oriundo de Puerto Pe\u00f1asco, declar\u00f3 sentirse muy emocionado por regresar a Hermosillo a pelear y m\u00e1s porque desea ser ahora monarca mundial en su nueva divisi\u00f3n Gallo.<\/p>\n<p>&nbsp;<\/p>\n<p><strong>\u201cVengo de una pelea dura, vamos a volver este 14 con todo y sobre todo en una categor\u00eda nueva peso gallo, quiero ser campe\u00f3n en Peso Gallo, ya lo fui en Mosca y S\u00faper Mosca y primero Dios lo lograremos porque queremos volver con todo\u201d, asegur\u00f3.\u00a0<\/strong><\/p>\n<p><strong>\u00a0<\/strong><\/p>\n","protected":false},"excerpt":{"rendered":"<p>Este 14 de junio en el Centro de Usos M\u00faltiples (CUM) de Hermosillo se volver\u00e1 a vestir de gala para ser la sede de una cartelera box\u00edstica, donde sobresale el regreso del campe\u00f3n mundial en dos divisiones, Juan Francisco \u201cGallo\u201d Estrada y de la boxeadora local Camila Zamorano que va en b\u00fasqueda del t\u00edtulo mundial [&hellip;]<\/p>\n","protected":false},"author":2,"featured_media":219806,"comment_status":"closed","ping_status":"closed","sticky":false,"template":"","format":"standard","meta":{"footnotes":""},"categories":[188,12870],"tags":[5231,12865],"class_list":["post-219805","post","type-post","status-publish","format-standard","has-post-thumbnail","hentry","category-deportes","category-destacadas","tag-deportes","tag-destacadas"],"jetpack_featured_media_url":"https:\/\/rnoticias.com.mx\/Portal\/wp-content\/uploads\/2025\/05\/499315504_1277531900408319_8846245508347955116_n.jpg","amp_enabled":true,"_links":{"self":[{"href":"https:\/\/rnoticias.com.mx\/Portal\/wp-json\/wp\/v2\/posts\/219805","targetHints":{"allow":["GET"]}}],"collection":[{"href":"https:\/\/rnoticias.com.mx\/Portal\/wp-json\/wp\/v2\/posts"}],"about":[{"href":"https:\/\/rnoticias.com.mx\/Portal\/wp-json\/wp\/v2\/types\/post"}],"author":[{"embeddable":true,"href":"https:\/\/rnoticias.com.mx\/Portal\/wp-json\/wp\/v2\/users\/2"}],"replies":[{"embeddable":true,"href":"https:\/\/rnoticias.com.mx\/Portal\/wp-json\/wp\/v2\/comments?post=219805"}],"version-history":[{"count":1,"href":"https:\/\/rnoticias.com.mx\/Portal\/wp-json\/wp\/v2\/posts\/219805\/revisions"}],"predecessor-version":[{"id":219807,"href":"https:\/\/rnoticias.com.mx\/Portal\/wp-json\/wp\/v2\/posts\/219805\/revisions\/219807"}],"wp:featuredmedia":[{"embeddable":true,"href":"https:\/\/rnoticias.com.mx\/Portal\/wp-json\/wp\/v2\/media\/219806"}],"wp:attachment":[{"href":"https:\/\/rnoticias.com.mx\/Portal\/wp-json\/wp\/v2\/media?parent=219805"}],"wp:term":[{"taxonomy":"category","embeddable":true,"href":"https:\/\/rnoticias.com.mx\/Portal\/wp-json\/wp\/v2\/categories?post=219805"},{"taxonomy":"post_tag","embeddable":true,"href":"https:\/\/rnoticias.com.mx\/Portal\/wp-json\/wp\/v2\/tags?post=219805"}],"curies":[{"name":"wp","href":"https:\/\/api.w.org\/{rel}","templated":true}]}}