{"id":219797,"date":"2025-05-27T22:30:53","date_gmt":"2025-05-28T05:30:53","guid":{"rendered":"https:\/\/rnoticias.com.mx\/Portal\/?p=219797"},"modified":"2025-05-27T22:30:53","modified_gmt":"2025-05-28T05:30:53","slug":"contribuye-a-la-economia-actividad-del-hot-sale-canaco-hmo","status":"publish","type":"post","link":"https:\/\/rnoticias.com.mx\/Portal\/2025\/05\/27\/contribuye-a-la-economia-actividad-del-hot-sale-canaco-hmo\/","title":{"rendered":"Contribuye a la econom\u00eda actividad del Hot Sale: CANACO HMO"},"content":{"rendered":"<p>Hermosillo, Sonora. C\u00f3mo una alternativa de gran promoci\u00f3n y venta de productos y servicios de gran ayuda para la actividad comercial, reconoci\u00f3 la Canaco Hermosillo el Hot Sale 2025.<\/p>\n<p>&nbsp;<\/p>\n<p>Javier Moreno, presidente de la C\u00e1mara Nacional de Comercio (Canaco), dio a conocer que ese programa que ser\u00e1 del 26 de mayo al 3 de junio, ser\u00e1 de gran aporte para el dinamismo econ\u00f3mico de la ciudad.<\/p>\n<p><strong>\u00a0<\/strong><\/p>\n<p><strong>&#8220;Algunos afiliados a nosotros si tienen venta, por ejemplo, Liverpool que es uno de los que est\u00e1n afiliados a la c\u00e1mara ellos tienen la venta Hot Sale, Soriana tambi\u00e9n y est\u00e1n promocionando y ofertando. Algunos comercios peque\u00f1os afiliados a nosotros tambi\u00e9n venden &#8221; reconoci\u00f3.<\/strong><\/p>\n<p><strong>\u00a0<\/strong><\/p>\n<p>Igualmente, reconoci\u00f3 que un poco m\u00e1s del 20% de los comercios afiliados a la c\u00e1mara, tambi\u00e9n realizan ventas de sus productos y servicios en l\u00ednea, lo cual les permite aumentar su abanico de clientes en este programa especial de casi 10 d\u00edas.<\/p>\n<p>&nbsp;<\/p>\n","protected":false},"excerpt":{"rendered":"<p>Hermosillo, Sonora. C\u00f3mo una alternativa de gran promoci\u00f3n y venta de productos y servicios de gran ayuda para la actividad comercial, reconoci\u00f3 la Canaco Hermosillo el Hot Sale 2025. &nbsp; Javier Moreno, presidente de la C\u00e1mara Nacional de Comercio (Canaco), dio a conocer que ese programa que ser\u00e1 del 26 de mayo al 3 de [&hellip;]<\/p>\n","protected":false},"author":2,"featured_media":219798,"comment_status":"closed","ping_status":"closed","sticky":false,"template":"","format":"standard","meta":{"footnotes":""},"categories":[12870,178],"tags":[12865,12869],"class_list":["post-219797","post","type-post","status-publish","format-standard","has-post-thumbnail","hentry","category-destacadas","category-local","tag-destacadas","tag-local"],"jetpack_featured_media_url":"https:\/\/rnoticias.com.mx\/Portal\/wp-content\/uploads\/2025\/05\/S6WQDXEQLFEPTDJMHEAO74MEMY.jpg","amp_enabled":true,"_links":{"self":[{"href":"https:\/\/rnoticias.com.mx\/Portal\/wp-json\/wp\/v2\/posts\/219797","targetHints":{"allow":["GET"]}}],"collection":[{"href":"https:\/\/rnoticias.com.mx\/Portal\/wp-json\/wp\/v2\/posts"}],"about":[{"href":"https:\/\/rnoticias.com.mx\/Portal\/wp-json\/wp\/v2\/types\/post"}],"author":[{"embeddable":true,"href":"https:\/\/rnoticias.com.mx\/Portal\/wp-json\/wp\/v2\/users\/2"}],"replies":[{"embeddable":true,"href":"https:\/\/rnoticias.com.mx\/Portal\/wp-json\/wp\/v2\/comments?post=219797"}],"version-history":[{"count":1,"href":"https:\/\/rnoticias.com.mx\/Portal\/wp-json\/wp\/v2\/posts\/219797\/revisions"}],"predecessor-version":[{"id":219799,"href":"https:\/\/rnoticias.com.mx\/Portal\/wp-json\/wp\/v2\/posts\/219797\/revisions\/219799"}],"wp:featuredmedia":[{"embeddable":true,"href":"https:\/\/rnoticias.com.mx\/Portal\/wp-json\/wp\/v2\/media\/219798"}],"wp:attachment":[{"href":"https:\/\/rnoticias.com.mx\/Portal\/wp-json\/wp\/v2\/media?parent=219797"}],"wp:term":[{"taxonomy":"category","embeddable":true,"href":"https:\/\/rnoticias.com.mx\/Portal\/wp-json\/wp\/v2\/categories?post=219797"},{"taxonomy":"post_tag","embeddable":true,"href":"https:\/\/rnoticias.com.mx\/Portal\/wp-json\/wp\/v2\/tags?post=219797"}],"curies":[{"name":"wp","href":"https:\/\/api.w.org\/{rel}","templated":true}]}}