{"id":219785,"date":"2025-05-27T22:22:13","date_gmt":"2025-05-28T05:22:13","guid":{"rendered":"https:\/\/rnoticias.com.mx\/Portal\/?p=219785"},"modified":"2025-05-27T22:22:13","modified_gmt":"2025-05-28T05:22:13","slug":"vinculado-a-proceso-gerardo-n-por-el-delito-de-incumplimiento-de-un-deber-legal","status":"publish","type":"post","link":"https:\/\/rnoticias.com.mx\/Portal\/2025\/05\/27\/vinculado-a-proceso-gerardo-n-por-el-delito-de-incumplimiento-de-un-deber-legal\/","title":{"rendered":"Vinculado a proceso Gerardo \u201cN\u201d por el delito de incumplimiento de un deber legal"},"content":{"rendered":"<p>Hermosillo, Sonora, 27 de mayo de 2025.- La Fiscal\u00eda General de Justicia del Estado de Sonora (FGJES) obtuvo de un Juez la vinculaci\u00f3n a proceso de Gerardo \u201cN\u201d por el delito de incumplimiento de un deber legal en contra de la procuraci\u00f3n de la justicia.<\/p>\n<p>En audiencia de vinculaci\u00f3n a proceso se acredit\u00f3 la presunta responsabilidad del se\u00f1alado, con relaci\u00f3n a la evasi\u00f3n de Sal\u00fa Francisco \u201cN\u201d y\/o Sa\u00fal Francisco \u201cN\u201d, alias \u201cEl Ponchis\u201d o \u201cEl Fantasma\u201d; ocurrida la noche del domingo 4 de mayo.<\/p>\n<p>Gerardo \u201cN\u201d se desempe\u00f1aba como coordinador del Sistema Estatal Penitenciario del Estado de Sonora.<\/p>\n<p>La Fiscal\u00eda General de Justicia del Estado de Sonora (FGJES), a trav\u00e9s de la Fiscal\u00eda Anticorrupci\u00f3n de Sonora (FAS), atender\u00e1 el plazo de 4 meses de investigaci\u00f3n complementaria, tiempo en el cual, Gerardo \u201cN\u201d permanecer\u00e1 en prisi\u00f3n preventiva justificada por determinaci\u00f3n del Juez.<\/p>\n","protected":false},"excerpt":{"rendered":"<p>Hermosillo, Sonora, 27 de mayo de 2025.- La Fiscal\u00eda General de Justicia del Estado de Sonora (FGJES) obtuvo de un Juez la vinculaci\u00f3n a proceso de Gerardo \u201cN\u201d por el delito de incumplimiento de un deber legal en contra de la procuraci\u00f3n de la justicia. En audiencia de vinculaci\u00f3n a proceso se acredit\u00f3 la presunta [&hellip;]<\/p>\n","protected":false},"author":2,"featured_media":219786,"comment_status":"closed","ping_status":"closed","sticky":false,"template":"","format":"standard","meta":{"footnotes":""},"categories":[12870,178],"tags":[12865,12869],"class_list":["post-219785","post","type-post","status-publish","format-standard","has-post-thumbnail","hentry","category-destacadas","category-local","tag-destacadas","tag-local"],"jetpack_featured_media_url":"https:\/\/rnoticias.com.mx\/Portal\/wp-content\/uploads\/2025\/05\/WhatsApp-Image-2025-05-27-at-4.48.55-PM.jpeg","amp_enabled":true,"_links":{"self":[{"href":"https:\/\/rnoticias.com.mx\/Portal\/wp-json\/wp\/v2\/posts\/219785","targetHints":{"allow":["GET"]}}],"collection":[{"href":"https:\/\/rnoticias.com.mx\/Portal\/wp-json\/wp\/v2\/posts"}],"about":[{"href":"https:\/\/rnoticias.com.mx\/Portal\/wp-json\/wp\/v2\/types\/post"}],"author":[{"embeddable":true,"href":"https:\/\/rnoticias.com.mx\/Portal\/wp-json\/wp\/v2\/users\/2"}],"replies":[{"embeddable":true,"href":"https:\/\/rnoticias.com.mx\/Portal\/wp-json\/wp\/v2\/comments?post=219785"}],"version-history":[{"count":1,"href":"https:\/\/rnoticias.com.mx\/Portal\/wp-json\/wp\/v2\/posts\/219785\/revisions"}],"predecessor-version":[{"id":219787,"href":"https:\/\/rnoticias.com.mx\/Portal\/wp-json\/wp\/v2\/posts\/219785\/revisions\/219787"}],"wp:featuredmedia":[{"embeddable":true,"href":"https:\/\/rnoticias.com.mx\/Portal\/wp-json\/wp\/v2\/media\/219786"}],"wp:attachment":[{"href":"https:\/\/rnoticias.com.mx\/Portal\/wp-json\/wp\/v2\/media?parent=219785"}],"wp:term":[{"taxonomy":"category","embeddable":true,"href":"https:\/\/rnoticias.com.mx\/Portal\/wp-json\/wp\/v2\/categories?post=219785"},{"taxonomy":"post_tag","embeddable":true,"href":"https:\/\/rnoticias.com.mx\/Portal\/wp-json\/wp\/v2\/tags?post=219785"}],"curies":[{"name":"wp","href":"https:\/\/api.w.org\/{rel}","templated":true}]}}