{"id":219782,"date":"2025-05-27T22:20:14","date_gmt":"2025-05-28T05:20:14","guid":{"rendered":"https:\/\/rnoticias.com.mx\/Portal\/?p=219782"},"modified":"2025-05-27T22:20:14","modified_gmt":"2025-05-28T05:20:14","slug":"gobernador-durazo-logra-acuerdo-historico-para-tecnificacion-de-riego-en-el-mayo-y-el-yaqui","status":"publish","type":"post","link":"https:\/\/rnoticias.com.mx\/Portal\/2025\/05\/27\/gobernador-durazo-logra-acuerdo-historico-para-tecnificacion-de-riego-en-el-mayo-y-el-yaqui\/","title":{"rendered":"Gobernador Durazo logra acuerdo hist\u00f3rico para tecnificaci\u00f3n de riego en el Mayo y el Yaqui"},"content":{"rendered":"<p align=\"left\">Navojoa, Sonora; 27 de mayo de 2025.- Como parte de la estrategia nacional para garantizar un uso m\u00e1s eficiente, justo y sostenible de los recursos naturales frente a los retos del cambio clim\u00e1tico, el gobernador Alfonso Durazo Monta\u00f1o, junto a Efra\u00edn Morales L\u00f3pez, director general de la Comisi\u00f3n Nacional del Agua (Conagua), y Aar\u00f3n Mastache Mondrag\u00f3n, subdirector general de Infraestructura Hidroagr\u00edcola de la Conagua, firm\u00f3 los convenios para la tecnificaci\u00f3n de los Distritos de Riego 038 R\u00edo Mayo y 041 Valle del Yaqui.<\/p>\n<p align=\"left\">\n<p align=\"left\">El titular del Ejecutivo estatal encabez\u00f3 la entrega de apoyos econ\u00f3micos por un total de 250 millones de pesos a representantes de los distritos y unidades de riego del R\u00edo Yaqui y del R\u00edo Mayo en Sonora, adicional a la firma de convenios. Se\u00f1al\u00f3 que en Sonora se aplicar\u00e1 la tecnificaci\u00f3n integral que impulsa a nivel nacional la presidenta Claudia Sheinbaum Pardo, con el fin de fortalecer la infraestructura hidroagr\u00edcola y promover as\u00ed una agricultura moderna, eficiente y sostenible.<\/p>\n<p align=\"left\">\n<p align=\"left\">\u201cHoy es un d\u00eda hist\u00f3rico para Sonora, porque damos un paso fundamental en la transformaci\u00f3n de nuestro estado, particularmente del campo sonorense, y eso, honor a quien honor merece, se lo debemos a nuestra querid\u00edsima presidenta Claudia Sheinbaum. Reiteramos nuestro compromiso de no escatimar ning\u00fan esfuerzo para optimizar en el estado el extraordinario apoyo que nos brinda nuestra presidenta en lo particular, y el Gobierno Federal en lo general, en muy diversos \u00e1mbitos\u201d, indic\u00f3.<\/p>\n<p align=\"left\">\n<p align=\"left\">Efra\u00edn Morales L\u00f3pez explic\u00f3 que, para la tecnificaci\u00f3n integral, los apoyos y la infraestructura en el campo sonorense, en este 2025 se invertir\u00e1 un recurso hist\u00f3rico de 6 mil 500 millones de pesos, y 2 mil 800 millones de pesos adicionales para proyectos h\u00eddricos que aseguren el consumo humano del recurso. A lo largo del sexenio de la presidenta Sheinbaum se destinar\u00e1n m\u00e1s de 15 mil millones de pesos a este sector.<\/p>\n<p align=\"left\">\n<p align=\"left\">\u201cEl gobernador insisti\u00f3 de una manera vehemente para que fueran incluidos en el Plan Nacional H\u00eddrico el Distrito de Riego 038 y el Distrito 041, y sostuvo un di\u00e1logo muy amplio con nuestra presidenta; esa es la raz\u00f3n por la que se incluyeron estos dos distritos\u201d, se\u00f1al\u00f3.<\/p>\n<p align=\"left\">\n<p align=\"left\">Con estas acciones se intervendr\u00e1n 21 mil 700 hect\u00e1reas en beneficio de 9 mil 700 productores del sur del estado. El proyecto consiste en la construcci\u00f3n de infraestructura hidroagr\u00edcola, desde la conducci\u00f3n del agua desde la fuente de abastecimiento hasta las parcelas.<\/p>\n<p align=\"left\">\n<p align=\"left\">En su gira por el sur del estado, en Cajeme, el gobernador Alfonso Durazo Monta\u00f1o encabez\u00f3 tambi\u00e9n la firma de los Planes Integrales Municipales de Agua Potable, Alcantarillado y Saneamiento en el Estado de Sonora, a trav\u00e9s de los cuales se realizar\u00e1n un total de 592 acciones en los 72 municipios de la entidad: 401 en materia de agua potable, 163 de alcantarillado y 28 de saneamiento, con una inversi\u00f3n de 915.5 millones de pesos.<\/p>\n","protected":false},"excerpt":{"rendered":"<p>Navojoa, Sonora; 27 de mayo de 2025.- Como parte de la estrategia nacional para garantizar un uso m\u00e1s eficiente, justo y sostenible de los recursos naturales frente a los retos del cambio clim\u00e1tico, el gobernador Alfonso Durazo Monta\u00f1o, junto a Efra\u00edn Morales L\u00f3pez, director general de la Comisi\u00f3n Nacional del Agua (Conagua), y Aar\u00f3n Mastache [&hellip;]<\/p>\n","protected":false},"author":2,"featured_media":219783,"comment_status":"closed","ping_status":"closed","sticky":false,"template":"","format":"standard","meta":{"footnotes":""},"categories":[12870,174],"tags":[12865,12873],"class_list":["post-219782","post","type-post","status-publish","format-standard","has-post-thumbnail","hentry","category-destacadas","category-estatal","tag-destacadas","tag-estatal"],"jetpack_featured_media_url":"https:\/\/rnoticias.com.mx\/Portal\/wp-content\/uploads\/2025\/05\/unnamed-19-16.jpg","amp_enabled":true,"_links":{"self":[{"href":"https:\/\/rnoticias.com.mx\/Portal\/wp-json\/wp\/v2\/posts\/219782","targetHints":{"allow":["GET"]}}],"collection":[{"href":"https:\/\/rnoticias.com.mx\/Portal\/wp-json\/wp\/v2\/posts"}],"about":[{"href":"https:\/\/rnoticias.com.mx\/Portal\/wp-json\/wp\/v2\/types\/post"}],"author":[{"embeddable":true,"href":"https:\/\/rnoticias.com.mx\/Portal\/wp-json\/wp\/v2\/users\/2"}],"replies":[{"embeddable":true,"href":"https:\/\/rnoticias.com.mx\/Portal\/wp-json\/wp\/v2\/comments?post=219782"}],"version-history":[{"count":1,"href":"https:\/\/rnoticias.com.mx\/Portal\/wp-json\/wp\/v2\/posts\/219782\/revisions"}],"predecessor-version":[{"id":219784,"href":"https:\/\/rnoticias.com.mx\/Portal\/wp-json\/wp\/v2\/posts\/219782\/revisions\/219784"}],"wp:featuredmedia":[{"embeddable":true,"href":"https:\/\/rnoticias.com.mx\/Portal\/wp-json\/wp\/v2\/media\/219783"}],"wp:attachment":[{"href":"https:\/\/rnoticias.com.mx\/Portal\/wp-json\/wp\/v2\/media?parent=219782"}],"wp:term":[{"taxonomy":"category","embeddable":true,"href":"https:\/\/rnoticias.com.mx\/Portal\/wp-json\/wp\/v2\/categories?post=219782"},{"taxonomy":"post_tag","embeddable":true,"href":"https:\/\/rnoticias.com.mx\/Portal\/wp-json\/wp\/v2\/tags?post=219782"}],"curies":[{"name":"wp","href":"https:\/\/api.w.org\/{rel}","templated":true}]}}