{"id":219776,"date":"2025-05-27T22:11:48","date_gmt":"2025-05-28T05:11:48","guid":{"rendered":"https:\/\/rnoticias.com.mx\/Portal\/?p=219776"},"modified":"2025-05-27T22:11:48","modified_gmt":"2025-05-28T05:11:48","slug":"concluye-periodo-de-campanas-del-proceso-electoral-extraordinario-del-poder-judicial-local-2025","status":"publish","type":"post","link":"https:\/\/rnoticias.com.mx\/Portal\/2025\/05\/27\/concluye-periodo-de-campanas-del-proceso-electoral-extraordinario-del-poder-judicial-local-2025\/","title":{"rendered":"Concluye periodo de campa\u00f1as del Proceso Electoral Extraordinario del Poder Judicial Local 2025"},"content":{"rendered":"<p dir=\"ltr\">Este mi\u00e9rcoles 28 de mayo concluye el periodo de campa\u00f1as correspondiente al Proceso Electoral Extraordinario del Poder Judicial Local 2025 (PEEPJL 2025), conforme a lo establecido en el Acuerdo CG21\/2025, mediante el cual se aprob\u00f3 el Calendario y Plan Integral del proceso.<\/p>\n<p dir=\"ltr\">El pr\u00f3ximo domingo 1 de junio, la ciudadan\u00eda sonorense elegir\u00e1 a quienes ocupar\u00e1n 3 Magistraturas del Supremo Tribunal de Justicia del Estado, 5 Magistraturas del Tribunal de Disciplina Judicial, 3 Magistraturas Regionales de Circuito y 39 juezas y jueces en materias penal, familiar, civil, mercantil y mixta.<\/p>\n<p dir=\"ltr\">Durante los 30 d\u00edas de campa\u00f1a \u2014del 29 de abril al 28 de mayo\u2014, las 145 personas candidatas tuvieron la oportunidad de dar a conocer sus perfiles, trayectoria y propuestas para ocupar alguno de los 50 cargos jurisdiccionales en contienda.<\/p>\n<p dir=\"ltr\">Del 29 al 31 de mayo se llevar\u00e1 a cabo el periodo de reflexi\u00f3n, tambi\u00e9n conocido como veda electoral, durante el cual se suspende toda propaganda y llamados al voto, permitiendo que la ciudadan\u00eda analice con mayor detenimiento a quienes aspiran a impartir justicia en el estado.<\/p>\n<p dir=\"ltr\">El Instituto Estatal Electoral y de Participaci\u00f3n Ciudadana de Sonora pone a disposici\u00f3n diversas herramientas informativas en<a href=\"http:\/\/www.ieesonora.org.mx\/elecciones2025\" target=\"_blank\" rel=\"noopener\" data-saferedirecturl=\"https:\/\/www.google.com\/url?q=http:\/\/www.ieesonora.org.mx\/elecciones2025&amp;source=gmail&amp;ust=1748494592382000&amp;usg=AOvVaw2WsfzYQMbY2SNU5tpz7kOs\">\u00a0www.ieesonora.org.mx\/<wbr \/>elecciones2025<\/a>, como la plataforma Con\u00f3celes, el Simulador de voto y la herramienta Ubica tu casilla, para que las y los electores participen con informaci\u00f3n.<\/p>\n<p dir=\"ltr\">Este 1 de junio, a partir de las 8:00 de la ma\u00f1ana, 2 millones 327 mil 557 electores est\u00e1n convocados a votar en las 1,937 casillas que ser\u00e1n instaladas en los 72 municipios del estado.<\/p>\n<p dir=\"ltr\">Con la organizaci\u00f3n de esta elecci\u00f3n in\u00e9dita en el pa\u00eds, el IEE Sonora refrenda su compromiso con la democracia y la transparencia en los procesos electorales.<\/p>\n","protected":false},"excerpt":{"rendered":"<p>Este mi\u00e9rcoles 28 de mayo concluye el periodo de campa\u00f1as correspondiente al Proceso Electoral Extraordinario del Poder Judicial Local 2025 (PEEPJL 2025), conforme a lo establecido en el Acuerdo CG21\/2025, mediante el cual se aprob\u00f3 el Calendario y Plan Integral del proceso. El pr\u00f3ximo domingo 1 de junio, la ciudadan\u00eda sonorense elegir\u00e1 a quienes ocupar\u00e1n [&hellip;]<\/p>\n","protected":false},"author":2,"featured_media":219777,"comment_status":"closed","ping_status":"closed","sticky":false,"template":"","format":"standard","meta":{"footnotes":""},"categories":[12870,12868],"tags":[12865,12879],"class_list":["post-219776","post","type-post","status-publish","format-standard","has-post-thumbnail","hentry","category-destacadas","category-politica","tag-destacadas","tag-politica"],"jetpack_featured_media_url":"https:\/\/rnoticias.com.mx\/Portal\/wp-content\/uploads\/2025\/05\/Veda-electoral.jpg","amp_enabled":true,"_links":{"self":[{"href":"https:\/\/rnoticias.com.mx\/Portal\/wp-json\/wp\/v2\/posts\/219776","targetHints":{"allow":["GET"]}}],"collection":[{"href":"https:\/\/rnoticias.com.mx\/Portal\/wp-json\/wp\/v2\/posts"}],"about":[{"href":"https:\/\/rnoticias.com.mx\/Portal\/wp-json\/wp\/v2\/types\/post"}],"author":[{"embeddable":true,"href":"https:\/\/rnoticias.com.mx\/Portal\/wp-json\/wp\/v2\/users\/2"}],"replies":[{"embeddable":true,"href":"https:\/\/rnoticias.com.mx\/Portal\/wp-json\/wp\/v2\/comments?post=219776"}],"version-history":[{"count":1,"href":"https:\/\/rnoticias.com.mx\/Portal\/wp-json\/wp\/v2\/posts\/219776\/revisions"}],"predecessor-version":[{"id":219778,"href":"https:\/\/rnoticias.com.mx\/Portal\/wp-json\/wp\/v2\/posts\/219776\/revisions\/219778"}],"wp:featuredmedia":[{"embeddable":true,"href":"https:\/\/rnoticias.com.mx\/Portal\/wp-json\/wp\/v2\/media\/219777"}],"wp:attachment":[{"href":"https:\/\/rnoticias.com.mx\/Portal\/wp-json\/wp\/v2\/media?parent=219776"}],"wp:term":[{"taxonomy":"category","embeddable":true,"href":"https:\/\/rnoticias.com.mx\/Portal\/wp-json\/wp\/v2\/categories?post=219776"},{"taxonomy":"post_tag","embeddable":true,"href":"https:\/\/rnoticias.com.mx\/Portal\/wp-json\/wp\/v2\/tags?post=219776"}],"curies":[{"name":"wp","href":"https:\/\/api.w.org\/{rel}","templated":true}]}}