{"id":219773,"date":"2025-05-27T22:07:27","date_gmt":"2025-05-28T05:07:27","guid":{"rendered":"https:\/\/rnoticias.com.mx\/Portal\/?p=219773"},"modified":"2025-05-27T22:07:27","modified_gmt":"2025-05-28T05:07:27","slug":"disfrutaron-hermosillenses-de-220-diferentes-actividades-artisticas-y-culturales-en-las-fiestas-del-pitic-2025","status":"publish","type":"post","link":"https:\/\/rnoticias.com.mx\/Portal\/2025\/05\/27\/disfrutaron-hermosillenses-de-220-diferentes-actividades-artisticas-y-culturales-en-las-fiestas-del-pitic-2025\/","title":{"rendered":"Disfrutaron hermosillenses de 220 diferentes actividades art\u00edsticas y culturales en las Fiestas del Pitic 2025"},"content":{"rendered":"<p>Hermosillo, Sonora; 27 de mayo, 2025.- Durante los 4 d\u00edas de las Fiestas del Pitic, cientos de familias hermosillenses asistieron a m\u00e1s de 220 actividades de un programa especialmente dise\u00f1ado para todos los p\u00fablicos, que incluy\u00f3 presentaciones musicales, teatro, danza, talleres infantiles, cine, exposiciones de artes visuales, entre otras manifestaciones.<\/p>\n<p>Las actividades infantiles tuvieron presencia en diversos espacios como el Teatro del COBACH Villa de Seris, con un lleno total, donde se present\u00f3 la obra \u201cEl Mago de Oz\u201d, con la Compa\u00f1\u00eda de Teatro Infantil El Mago de Oz, un cl\u00e1sico que encant\u00f3 a chicos y grandes.<\/p>\n<p>Tambi\u00e9n el Teatro Emiliana de Zubeld\u00eda recibi\u00f3 la obra \u201cRutilo, la rata olorosa\u201d, a cargo del actor Alberto Estrella, el \u201cCon-cierto Misterio\u201d, con el Doctor Misterio y la Gal\u00e1ctica Banda, as\u00ed como \u201cEl buqui y el mezquite\u201d, presentada por Multicultural Sonora y \u201cEn un lugar de la Mancha\u201d, por Grupo ArteSano.<\/p>\n<p>Marianna Gonz\u00e1lez Gast\u00e9lum, directora general del Instituto Municipal de Cultura y Arte (IMCA), coment\u00f3 que el programa es un reflejo de la diversidad cultural y art\u00edstica hermosillense \u201cquiero destacar el crecimiento de la oferta de actividades para ni\u00f1os y ni\u00f1as. Dise\u00f1amos un programa infantil diverso que tuviera presencia en distintos espacios con el objetivo de que las infancias ejerzan su derecho a participar en la vida cultural de su comunidad\u201d.<\/p>\n<p>Gonz\u00e1lez Gast\u00e9lum, agreg\u00f3 que el objetivo es seguir ofreciendo un programa diverso que promueva la participaci\u00f3n de las familias. \u201cHay madres y padres de familia que hace 23 a\u00f1os asist\u00edan a las actividades infantiles y que hoy asisten en compa\u00f1\u00eda de sus hijos. Esto nos habla de la importancia de una fiesta que celebra a un Hermosillo que diariamente se transforma\u201d.<\/p>\n<p>El Teatro Emiliana de Zubeld\u00eda tambi\u00e9n recibi\u00f3 la obra \u201cEn la intimidad con Mar\u00eda Rojo y Alberto Estrella\u201d, una propuesta donde dos grandes de los escenarios compartieron an\u00e9cdotas de cine, teatro y televisi\u00f3n, recuerdos de una amistad de muchos a\u00f1os.<\/p>\n<p>Foros como Callej\u00f3n Velasco, Marsella, Plaza del Mezquite, Palacio de Gobierno, Sociedad Sonorense de Historia, Casa Ganfer, Parque Madero con sus dos foros; Cineteca, Andamios Teatro, Foro 82, entre otros recibieron a m\u00e1s de 1400 artistas hermosillenses, sonorenses, nacionales e internacionales para celebrar los 23 a\u00f1os de las Fiestas del Pitic y el 325 aniversario de una ciudad en constante movimiento.<\/p>\n","protected":false},"excerpt":{"rendered":"<p>Hermosillo, Sonora; 27 de mayo, 2025.- Durante los 4 d\u00edas de las Fiestas del Pitic, cientos de familias hermosillenses asistieron a m\u00e1s de 220 actividades de un programa especialmente dise\u00f1ado para todos los p\u00fablicos, que incluy\u00f3 presentaciones musicales, teatro, danza, talleres infantiles, cine, exposiciones de artes visuales, entre otras manifestaciones. Las actividades infantiles tuvieron presencia [&hellip;]<\/p>\n","protected":false},"author":2,"featured_media":219774,"comment_status":"closed","ping_status":"closed","sticky":false,"template":"","format":"standard","meta":{"footnotes":""},"categories":[12870,178],"tags":[12865,12869],"class_list":["post-219773","post","type-post","status-publish","format-standard","has-post-thumbnail","hentry","category-destacadas","category-local","tag-destacadas","tag-local"],"jetpack_featured_media_url":"https:\/\/rnoticias.com.mx\/Portal\/wp-content\/uploads\/2025\/05\/WhatsApp-Image-2025-05-27-at-6.38.37-PM.jpeg","amp_enabled":true,"_links":{"self":[{"href":"https:\/\/rnoticias.com.mx\/Portal\/wp-json\/wp\/v2\/posts\/219773","targetHints":{"allow":["GET"]}}],"collection":[{"href":"https:\/\/rnoticias.com.mx\/Portal\/wp-json\/wp\/v2\/posts"}],"about":[{"href":"https:\/\/rnoticias.com.mx\/Portal\/wp-json\/wp\/v2\/types\/post"}],"author":[{"embeddable":true,"href":"https:\/\/rnoticias.com.mx\/Portal\/wp-json\/wp\/v2\/users\/2"}],"replies":[{"embeddable":true,"href":"https:\/\/rnoticias.com.mx\/Portal\/wp-json\/wp\/v2\/comments?post=219773"}],"version-history":[{"count":1,"href":"https:\/\/rnoticias.com.mx\/Portal\/wp-json\/wp\/v2\/posts\/219773\/revisions"}],"predecessor-version":[{"id":219775,"href":"https:\/\/rnoticias.com.mx\/Portal\/wp-json\/wp\/v2\/posts\/219773\/revisions\/219775"}],"wp:featuredmedia":[{"embeddable":true,"href":"https:\/\/rnoticias.com.mx\/Portal\/wp-json\/wp\/v2\/media\/219774"}],"wp:attachment":[{"href":"https:\/\/rnoticias.com.mx\/Portal\/wp-json\/wp\/v2\/media?parent=219773"}],"wp:term":[{"taxonomy":"category","embeddable":true,"href":"https:\/\/rnoticias.com.mx\/Portal\/wp-json\/wp\/v2\/categories?post=219773"},{"taxonomy":"post_tag","embeddable":true,"href":"https:\/\/rnoticias.com.mx\/Portal\/wp-json\/wp\/v2\/tags?post=219773"}],"curies":[{"name":"wp","href":"https:\/\/api.w.org\/{rel}","templated":true}]}}