{"id":219765,"date":"2025-05-27T13:18:32","date_gmt":"2025-05-27T20:18:32","guid":{"rendered":"https:\/\/rnoticias.com.mx\/Portal\/?p=219765"},"modified":"2025-05-27T13:18:32","modified_gmt":"2025-05-27T20:18:32","slug":"francia-esta-un-paso-mas-cerca-de-prohibir-los-velos-islamicos-en-todas-las-competencias-deportivas","status":"publish","type":"post","link":"https:\/\/rnoticias.com.mx\/Portal\/2025\/05\/27\/francia-esta-un-paso-mas-cerca-de-prohibir-los-velos-islamicos-en-todas-las-competencias-deportivas\/","title":{"rendered":"Francia est\u00e1 un paso m\u00e1s cerca de prohibir los velos isl\u00e1micos en todas las competencias deportivas"},"content":{"rendered":"<p><strong>Salimata Sylla\u00a0<\/strong>y su equipo estaban por entrar a la cancha de baloncesto, tal como lo hab\u00edan hecho muchas veces antes.<\/p>\n<p>La ma\u00f1ana de ese domingo, ella y sus compa\u00f1eras hab\u00edan realizado un viaje de tres horas en autob\u00fas desde Aubervilliers, un suburbio parisino, hasta la cancha de un club rival en el norte de Francia. Ya uniformada y despu\u00e9s de calentar, Sylla \u2014la capitana del equipo\u2014 estaba lista para jugar.<\/p>\n<p>Pero momentos antes del inicio del partido, se le inform\u00f3 que no pod\u00eda participar. \u00bfEl motivo? Su velo religioso.<\/p>\n<p>M\u00e1s de dos a\u00f1os despu\u00e9s, Sylla a\u00fan tiene prohibido competir bajo la jurisdicci\u00f3n de la federaci\u00f3n francesa de baloncesto.<\/p>\n<p><strong>La exbase de 27 a\u00f1os<\/strong>\u00a0es una de miles de j\u00f3venes musulmanas en Francia que se encuentran marginadas de las competencias deportivas debido a la prohibici\u00f3n de utilizar uniformes y otras prendas que contengan un significado religioso o pol\u00edtico. Estas normas, seg\u00fan los cr\u00edticos, afectan desproporcionadamente a las deportistas musulmanas que usan hiyab.<\/p>\n<p>Ahora, los pol\u00edticos de derecha han impulsado un controversial proyecto de ley que prohibir\u00eda el uso de un velo religioso en todas las competencias deportivas, y el cual ya super\u00f3 su primer obst\u00e1culo legislativo en el Senado. De ser aprobado por la c\u00e1mara baja, consagrar\u00eda en ley lo que hasta ahora ha sido decisi\u00f3n individual de cada federaci\u00f3n deportiva.<\/p>\n<div class=\"stream-item stream-item-in-post stream-item-inline-post aligncenter\">\n<div class=\"stream-item-size\"><\/div>\n<\/div>\n<p>Quienes est\u00e1n a favor de la medida afirman que es un paso necesario para proteger el laicismo \u2014un pilar de la Rep\u00fablica Francesa. Sus detractores califican la propuesta como discriminatoria, islam\u00f3foba y una violaci\u00f3n tanto del Estado de derecho como del concepto mismo de laicismo.<\/p>\n<h2 class=\"wp-block-heading\">Deportista que usa hiyab dice que es una decisi\u00f3n personal<\/h2>\n<p>\u201c<em><strong>Sabemos que el deporte es un veh\u00edculo para la emancipaci\u00f3n, especialmente para las ni\u00f1as\u201d,\u00a0<\/strong><\/em>expuso Sylla a The Associated Press.\u00a0<em><strong>\u201cEntonces, \u00bfqu\u00e9 intentan decirnos realmente? \u00bfCreen que estamos oprimidas por usar nuestro velo isl\u00e1mico? Pero al final, ellos tambi\u00e9n nos oprimen porque nos han excluido de las canchas de baloncesto. Nosotras elegimos ser musulmanas. Bajo ninguna circunstancia ustedes deber\u00edan decirme qu\u00e9 debemos o no debemos vestir\u201d.<\/strong><\/em><\/p>\n<p>En enero de 2023 se le orden\u00f3 que se retirara el hiyab si quer\u00eda jugar contra el Escaudain en la liga Nacional 3. Sylla se neg\u00f3, argumentando convicciones personales y el hecho de que su hiyab deportivo contaba con aprobaci\u00f3n oficial y era considerado apto para su uso en competencias.<\/p>\n<p>S\u00f3lo entonces se enter\u00f3 de que las normas de la federaci\u00f3n de baloncesto prohib\u00edan el uso de cualquier tipo de velo por considerarlo inapropiado para jugar, contrario a las normas de la federaci\u00f3n internacional de baloncesto.<\/p>\n<p>\u201c<em><strong>Estaba realmente impactada\u201d,<\/strong><\/em>\u00a0dijo Sylla.\u00a0<em><strong>\u201cFui a ver al \u00e1rbitro para decirle que hab\u00eda jugado ocho partidos con \u00e9l desde el inicio de la temporada y nadie me hab\u00eda prohibido jugar con \u00e9l. Y me dijo: \u2018Lo siento. Aqu\u00ed est\u00e1n las reglas\u2019\u201d.<\/strong><\/em><\/p>\n<p>La federaci\u00f3n francesa no explic\u00f3 a The Associated Press la prohibici\u00f3n del uso de hiyab en las competencias.<\/p>\n<p>Sylla, quien este a\u00f1o peregrin\u00f3 a la ciudad santa musulmana de La Meca, en Arabia Saud\u00ed, ha dejado de jugar con su antiguo club. Todav\u00eda organiza partidos fuera de la jurisdicci\u00f3n de la federaci\u00f3n y realiza torneos mensuales en Par\u00eds y sus alrededores que est\u00e1n abiertos a mujeres que juegan baloncesto con o sin hiyab.<\/p>\n<p><strong><em>\u201c\u00bfNo quieren incluirnos? Pues nosotras vamos a incluir a todas\u201d,<\/em><\/strong>\u00a0subray\u00f3 Sylla.<\/p>\n<h2 class=\"wp-block-heading\">El laicismo a\u00fan es un tema pol\u00e9mico<\/h2>\n<p>Hasta ahora, las federaciones deportivas han tenido la libertad de decidir si permiten o no el uso del velo religioso. Uno de los deportes predominantes del pa\u00eds, el f\u00fatbol, opt\u00f3 por prohibirlo.<\/p>\n<p>A\u00fan no se fija una fecha para que el proyecto de ley vaya a debate en la c\u00e1mara baja del Parlamento. Para su aprobaci\u00f3n se necesitar\u00eda de una coalici\u00f3n de fuerzas que no suelen trabajar juntas en la Asamblea Nacional, donde persiste una marcada divisi\u00f3n.<\/p>\n<p>No obstante, el voto de los senadores a favor del proyecto de ley ya ha reavivado el debate sobre el laicismo y la separaci\u00f3n de la Iglesia y el Estado. Sigue siendo un tema controversial m\u00e1s de un siglo despu\u00e9s de que una ley de 1905 lo estableci\u00f3 como principio de la Rep\u00fablica Francesa.<\/p>\n<p>El secularismo franc\u00e9s \u2014<em><strong>\u201cla la\u00efcit\u00e9\u201d<\/strong><\/em>\u2014 establece el concepto de libertad religiosa, al tiempo que estipula que el Estado no favorece ninguna religi\u00f3n y se mantiene neutral. En su nivel m\u00e1s b\u00e1sico, sostiene que todas las personas en Francia son libres de creer \u2014o no creer\u2014 y de practicar su culto como deseen, pero no de imponer sus creencias religiosas a otros en espacios p\u00fablicos. Concebida para proteger la libertad religiosa de todos despu\u00e9s de varios siglos de sangrientas guerras religiosas, la laicidad es considerada ahora por sus cr\u00edticos como un pretexto para discriminar y restringir el acceso de los musulmanes a la vida p\u00fablica.<\/p>\n<h2 class=\"wp-block-heading\">\u201c<em><strong>Les Hijabeuses\u201d\u00a0<\/strong><\/em>en primera fila<\/h2>\n<p>Un equipo de jugadoras de f\u00fatbol que usan velo religioso, llamadas\u00a0<em><strong>\u201cLes Hijabeuses\u201d,<\/strong><\/em>\u00a0hacen campa\u00f1a en contra de la prohibici\u00f3n y aseguran que el nuevo proyecto de ley obligar\u00eda injustamente a las mujeres musulmanas a elegir entre portar un velo isl\u00e1mico o practicar un deporte.<\/p>\n<p>\u201c<em><strong>Rechazamos esta injusticia\u201d,<\/strong><\/em>\u00a0dijeron.\u00a0<em><strong>\u201cPorque esta ley no tiene cabida en Francia. Y nunca la tendr\u00e1. Continuaremos con nuestra lucha hasta que ya no nos sea impuesta esta elecci\u00f3n\u201d<\/strong><\/em>.<\/p>\n<p>Despu\u00e9s de que el m\u00e1ximo tribunal administrativo de Francia dictamin\u00f3 en 2023 que la federaci\u00f3n de f\u00fatbol estaba facultada para prohibir el uso del velo religioso en los partidos, las Hijabeuses presentaron una demanda ante el Tribunal Europeo de Derechos Humanos contra Francia en la cual alegan la violaci\u00f3n de su libertad religiosa.<\/p>\n<p>Quienes apoyan el proyecto de ley mencionan los crecientes ataques al secularismo en el deporte y argumentan que sus valores fundamentales se basan en el principio de universalidad. Para proteger los recintos deportivos de cualquier confrontaci\u00f3n no deportiva, afirman, es necesario implementar un principio de neutralidad que garantice que no pueda promoverse ninguna agenda pol\u00edtica, religiosa o racial.<\/p>\n<p>\u201c<em><strong>Desde hace varios a\u00f1os, los \u00f3rganos de gobierno y los funcionarios electos a nivel local han advertido sobre la propagaci\u00f3n desenfrenada de las ideas de los autores de la radicalizaci\u00f3n y el proselitismo en el deporte\u201d,<\/strong><\/em>\u00a0declar\u00f3 Michel Savin, el senador que impuls\u00f3 la iniciativa de ley.\u00a0<em><strong>\u201cSiempre que pueden, intentan poner a prueba los l\u00edmites de nuestros principios republicanos\u201d.<\/strong><\/em><\/p>\n<p>Nicolas Cad\u00e8ne, exsecretario general del ahora desaparecido Observatorio para la Laicidad, una instituci\u00f3n no partidista que anteriormente asesoraba al gobierno franc\u00e9s, asegura que no pueden utilizarse los principios del secularismo franc\u00e9s para justificar la prohibici\u00f3n del velo religioso.<\/p>\n<p>\u201c<em><strong>El Estado, por ser laico, no tiene por qu\u00e9 juzgar un s\u00edmbolo religioso\u201d,<\/strong><\/em>\u00a0explic\u00f3.<em><strong>\u00a0\u201cNo es de su incumbencia. El Estado no se ocupa de los s\u00edmbolos religiosos \u2014solo los proh\u00edbe a quienes representan a la administraci\u00f3n p\u00fablica. Esta ley pretende excluir a todas estas j\u00f3venes\u201d.<\/strong><\/em><\/p>\n<h2 class=\"wp-block-heading\">Un acalorado debate que genera divisiones<\/h2>\n<p>El proyecto de ley est\u00e1 causando divisiones al interior del gobierno y enfrentando a los deportistas entre s\u00ed.<\/p>\n<p>El cinco veces campe\u00f3n ol\u00edmpico de judo, Teddy Riner \u2014una destacada figura del deporte franc\u00e9s\u2014, se ha sumado a la controversia y argumenta que el proyecto de ley tiene gira en torno a una sola religi\u00f3n y que, en su lugar, la sociedad francesa deber\u00eda enfocarse en promover la igualdad. Mahyar Monshipour, exboxeador profesional nacido en Ir\u00e1n, contraatac\u00f3 y le pidi\u00f3 a Riner que no se involucre en un debate que no comprende.<\/p>\n<p>\u201c<em><strong>El velo isl\u00e1mico \u2014que no es, como pretenden hacerte creer, una prenda que cubre el cabello, sino un \u2018sudario\u2019 cuyo objetivo es el de ocultar el cuerpo de las mujeres desde el inicio de la menstruaci\u00f3n\u2014 es en s\u00ed mismo un signo visible de una desigualdad institucionalizada y legitimada entre hombres y mujeres\u201d,<\/strong><\/em>\u00a0argument\u00f3 Monshipour.<\/p>\n<p>La disputa ha expuesto grietas dentro del gobierno de coalici\u00f3n. Si bien algunos ministros han expresado dudas sobre el proyecto de ley, este cuenta con el firme respaldo de figuras de la derecha como Bruno Retailleau, ministro del Interior.<\/p>\n<p>El hiyab<em><strong>\u00a0\u201ccuestiona radicalmente la igualdad entre hombres y mujeres, y es un signo de la degradaci\u00f3n de la condici\u00f3n femenina\u201d,\u00a0<\/strong><\/em>expres\u00f3.\u00a0<em><strong>\u201cObviamente, no todas las mujeres que llevan el velo son fundamentalistas isl\u00e1micas. Pero no encontrar\u00e1n a ni un solo fundamentalista isl\u00e1mico que no quiera que las mujeres porten el velo\u201d.<\/strong><\/em><\/p>\n<p>Los legisladores aprobaron previamente un proyecto de ley para fortalecer la supervisi\u00f3n sobre las mezquitas, escuelas y clubes deportivos. Con Francia golpeada por atentados terroristas, persiste una idea generalizada de que la radicalizaci\u00f3n isl\u00e1mica era un peligro. Pero los cr\u00edticos tambi\u00e9n consideraron la ley de 2021 como una estrategia pol\u00edtica para atraer a la derecha al partido centrista del presidente Emmanuel Macron de cara a las elecciones presidenciales en las que Macron se impuso.<\/p>\n<p>A dos a\u00f1os de los pr\u00f3ximos comicios, el debate sobre el islam radical ha resurgido y vuelve a estar bajo los reflectores despu\u00e9s de que recientemente se public\u00f3 un informe encargado por el gobierno que plantea preocupaci\u00f3n respecto a los esfuerzos de la Hermandad Musulmana \u2014una organizaci\u00f3n islamista considerada como terrorista por algunos pa\u00edses\u2014 por expandir su influencia en Francia mediante organizaciones de base, incluidos clubes deportivos.<\/p>\n<h2 class=\"wp-block-heading\">Francia es el \u00fanico pa\u00eds que proh\u00edbe el velo religioso<\/h2>\n<p>Amnist\u00eda Internacional destac\u00f3 que el nuevo proyecto de ley tiene como objetivo a las mujeres y ni\u00f1as musulmanas, y las excluye de las competencias deportivas si llevan hiyab o alguna otra prenda religiosa. Antes de los Juegos Ol\u00edmpicos de 2024, Amnist\u00eda Internacional public\u00f3 una investigaci\u00f3n que analiza las normas en 38 pa\u00edses europeos y concluy\u00f3 que Francia era la \u00fanica que prohib\u00eda el velo religioso en competencias deportivas.<\/p>\n<p>\u201c<em><strong>Si se aprueba la ley, Francia ser\u00e1 la \u00fanica democracia del mundo que prohibir\u00e1 todos los velos o accesorios religiosos en el deporte\u201d,\u00a0<\/strong><\/em>dijo Cad\u00e8ne.<\/p>\n<p>&nbsp;<\/p>\n<p>AP<\/p>\n","protected":false},"excerpt":{"rendered":"<p>Salimata Sylla\u00a0y su equipo estaban por entrar a la cancha de baloncesto, tal como lo hab\u00edan hecho muchas veces antes. La ma\u00f1ana de ese domingo, ella y sus compa\u00f1eras hab\u00edan realizado un viaje de tres horas en autob\u00fas desde Aubervilliers, un suburbio parisino, hasta la cancha de un club rival en el norte de Francia. [&hellip;]<\/p>\n","protected":false},"author":2,"featured_media":219766,"comment_status":"closed","ping_status":"closed","sticky":false,"template":"","format":"standard","meta":{"footnotes":""},"categories":[188,12870],"tags":[5231,12865],"class_list":["post-219765","post","type-post","status-publish","format-standard","has-post-thumbnail","hentry","category-deportes","category-destacadas","tag-deportes","tag-destacadas"],"jetpack_featured_media_url":"https:\/\/rnoticias.com.mx\/Portal\/wp-content\/uploads\/2025\/05\/velo32-RUoX4ANdYhvyRkXlYwXThAI-1200x840@abc.webp","amp_enabled":true,"_links":{"self":[{"href":"https:\/\/rnoticias.com.mx\/Portal\/wp-json\/wp\/v2\/posts\/219765","targetHints":{"allow":["GET"]}}],"collection":[{"href":"https:\/\/rnoticias.com.mx\/Portal\/wp-json\/wp\/v2\/posts"}],"about":[{"href":"https:\/\/rnoticias.com.mx\/Portal\/wp-json\/wp\/v2\/types\/post"}],"author":[{"embeddable":true,"href":"https:\/\/rnoticias.com.mx\/Portal\/wp-json\/wp\/v2\/users\/2"}],"replies":[{"embeddable":true,"href":"https:\/\/rnoticias.com.mx\/Portal\/wp-json\/wp\/v2\/comments?post=219765"}],"version-history":[{"count":1,"href":"https:\/\/rnoticias.com.mx\/Portal\/wp-json\/wp\/v2\/posts\/219765\/revisions"}],"predecessor-version":[{"id":219767,"href":"https:\/\/rnoticias.com.mx\/Portal\/wp-json\/wp\/v2\/posts\/219765\/revisions\/219767"}],"wp:featuredmedia":[{"embeddable":true,"href":"https:\/\/rnoticias.com.mx\/Portal\/wp-json\/wp\/v2\/media\/219766"}],"wp:attachment":[{"href":"https:\/\/rnoticias.com.mx\/Portal\/wp-json\/wp\/v2\/media?parent=219765"}],"wp:term":[{"taxonomy":"category","embeddable":true,"href":"https:\/\/rnoticias.com.mx\/Portal\/wp-json\/wp\/v2\/categories?post=219765"},{"taxonomy":"post_tag","embeddable":true,"href":"https:\/\/rnoticias.com.mx\/Portal\/wp-json\/wp\/v2\/tags?post=219765"}],"curies":[{"name":"wp","href":"https:\/\/api.w.org\/{rel}","templated":true}]}}