{"id":219759,"date":"2025-05-27T13:05:09","date_gmt":"2025-05-27T20:05:09","guid":{"rendered":"https:\/\/rnoticias.com.mx\/Portal\/?p=219759"},"modified":"2025-05-27T13:05:09","modified_gmt":"2025-05-27T20:05:09","slug":"gobierno-de-sonora-impulsa-terapias-con-delfines-para-personas-con-discapacidad","status":"publish","type":"post","link":"https:\/\/rnoticias.com.mx\/Portal\/2025\/05\/27\/gobierno-de-sonora-impulsa-terapias-con-delfines-para-personas-con-discapacidad\/","title":{"rendered":"Gobierno de Sonora impulsa terapias con delfines para personas con discapacidad"},"content":{"rendered":"<p align=\"justify\">Hermosillo, Sonora; 27 de mayo de 2025.- Con el objetivo de brindar atenci\u00f3n terap\u00e9utica especializada a personas con discapacidad, el Gobierno de Sonora impulsa, a trav\u00e9s de la Comisi\u00f3n de Ecolog\u00eda y Desarrollo Sustentable del Estado de Sonora (CEDES) y el Sistema DIF Sonora, un programa de Terapias F\u00edsicas Asistidas con Delfines, dirigido a ni\u00f1as, ni\u00f1os, adolescentes y personas adultas residentes en la entidad.<\/p>\n<p align=\"justify\">Esta acci\u00f3n forma parte de la pol\u00edtica estatal de inclusi\u00f3n y bienestar hacia las personas con discapacidad. El convenio fue firmado por el comisionado ejecutivo de CEDES, Carlos Ernesto Zatarain Gonz\u00e1lez, y la directora general del Sistema DIF Sonora, Lizeth Teresita V\u00e1zquez Ochoa, e incluye la realizaci\u00f3n de hasta 300 terapias, cada una conformada por cuatro sesiones, dirigidas a personas beneficiarias previamente seleccionadas por el Sistema DIF Sonora.<\/p>\n<p align=\"justify\">Las terapias se desarrollar\u00e1n en el Delfinario Sonora, ubicado en Guaymas, bajo la atenci\u00f3n de personal capacitado y con un cronograma mensual que asegure un servicio ordenado y profesional.<\/p>\n<p align=\"justify\">Como parte del convenio, CEDES otorgar\u00e1 entradas gratuitas al Centro Ecol\u00f3gico de Sonora y ofrecer\u00e1 tarifas preferenciales en presentaciones educativas con delfines para personas canalizadas por el DIF. A su vez, esta instituci\u00f3n brindar\u00e1 un apoyo asistencial de 10 mil pesos por persona beneficiaria y entradas sin costo al Parque Infantil para usuarios referidos por la Comisi\u00f3n.<\/p>\n<p align=\"justify\">Se generar\u00e1n informes individuales por cada caso atendido, y ambas instituciones mantendr\u00e1n comunicaci\u00f3n constante a trav\u00e9s de un enlace designado por el DIF Sonora, con el objetivo de garantizar la correcta operaci\u00f3n del programa.<\/p>\n","protected":false},"excerpt":{"rendered":"<p>Hermosillo, Sonora; 27 de mayo de 2025.- Con el objetivo de brindar atenci\u00f3n terap\u00e9utica especializada a personas con discapacidad, el Gobierno de Sonora impulsa, a trav\u00e9s de la Comisi\u00f3n de Ecolog\u00eda y Desarrollo Sustentable del Estado de Sonora (CEDES) y el Sistema DIF Sonora, un programa de Terapias F\u00edsicas Asistidas con Delfines, dirigido a ni\u00f1as, [&hellip;]<\/p>\n","protected":false},"author":2,"featured_media":219760,"comment_status":"closed","ping_status":"closed","sticky":false,"template":"","format":"standard","meta":{"footnotes":""},"categories":[12870,178],"tags":[12865,12869],"class_list":["post-219759","post","type-post","status-publish","format-standard","has-post-thumbnail","hentry","category-destacadas","category-local","tag-destacadas","tag-local"],"jetpack_featured_media_url":"https:\/\/rnoticias.com.mx\/Portal\/wp-content\/uploads\/2025\/05\/unnamed-19k.jpg","amp_enabled":true,"_links":{"self":[{"href":"https:\/\/rnoticias.com.mx\/Portal\/wp-json\/wp\/v2\/posts\/219759","targetHints":{"allow":["GET"]}}],"collection":[{"href":"https:\/\/rnoticias.com.mx\/Portal\/wp-json\/wp\/v2\/posts"}],"about":[{"href":"https:\/\/rnoticias.com.mx\/Portal\/wp-json\/wp\/v2\/types\/post"}],"author":[{"embeddable":true,"href":"https:\/\/rnoticias.com.mx\/Portal\/wp-json\/wp\/v2\/users\/2"}],"replies":[{"embeddable":true,"href":"https:\/\/rnoticias.com.mx\/Portal\/wp-json\/wp\/v2\/comments?post=219759"}],"version-history":[{"count":1,"href":"https:\/\/rnoticias.com.mx\/Portal\/wp-json\/wp\/v2\/posts\/219759\/revisions"}],"predecessor-version":[{"id":219761,"href":"https:\/\/rnoticias.com.mx\/Portal\/wp-json\/wp\/v2\/posts\/219759\/revisions\/219761"}],"wp:featuredmedia":[{"embeddable":true,"href":"https:\/\/rnoticias.com.mx\/Portal\/wp-json\/wp\/v2\/media\/219760"}],"wp:attachment":[{"href":"https:\/\/rnoticias.com.mx\/Portal\/wp-json\/wp\/v2\/media?parent=219759"}],"wp:term":[{"taxonomy":"category","embeddable":true,"href":"https:\/\/rnoticias.com.mx\/Portal\/wp-json\/wp\/v2\/categories?post=219759"},{"taxonomy":"post_tag","embeddable":true,"href":"https:\/\/rnoticias.com.mx\/Portal\/wp-json\/wp\/v2\/tags?post=219759"}],"curies":[{"name":"wp","href":"https:\/\/api.w.org\/{rel}","templated":true}]}}