{"id":219753,"date":"2025-05-27T13:03:04","date_gmt":"2025-05-27T20:03:04","guid":{"rendered":"https:\/\/rnoticias.com.mx\/Portal\/?p=219753"},"modified":"2025-05-27T13:03:04","modified_gmt":"2025-05-27T20:03:04","slug":"gobernador-durazo-acerca-servicios-y-tramites-gratuitos-a-la-ciudadania-con-jornada-sonora-atiende","status":"publish","type":"post","link":"https:\/\/rnoticias.com.mx\/Portal\/2025\/05\/27\/gobernador-durazo-acerca-servicios-y-tramites-gratuitos-a-la-ciudadania-con-jornada-sonora-atiende\/","title":{"rendered":"Gobernador Durazo acerca servicios y tr\u00e1mites gratuitos a la ciudadan\u00eda con jornada Sonora Atiende"},"content":{"rendered":"<p>Hermosillo, Sonora; 27 de mayo de 2025.- En cumplimiento al compromiso del gobernador Alfonso Durazo Monta\u00f1o de dar respuesta oportuna a las solicitudes de tr\u00e1mites por parte de la ciudadan\u00eda, se llev\u00f3 a cabo la feria de servicios \u201cSonora Atiende\u201d en la colonia Villas del Real, al norte de Hermosillo, con la participaci\u00f3n de 24 dependencias de la administraci\u00f3n p\u00fablica estatal.<\/p>\n<p>El objetivo de estas jornadas, que se realizar\u00e1n en Hermosillo del 26 de mayo al 20 de junio, es llevar a las colonias tr\u00e1mites, programas y beneficios, facilitando el acceso y brindando soluciones inmediatas a la comunidad, fortaleciendo en todo momento la confianza ciudadana.<\/p>\n<p>Se ofrecer\u00e1n servicios de identidad y registro civil; educaci\u00f3n, becas y trabajo; juventud y deporte; desarrollo y asistencia social; salud y bienestar; bienestar para las mujeres; seguridad, movilidad y medio ambiente; protecci\u00f3n y bienestar animal; vivienda; y regularizaci\u00f3n fiscal.<\/p>\n<p>El se\u00f1or Prudencio Rivera acudi\u00f3 a la feria de servicios \u201cSonora Atiende\u201d y reconoci\u00f3 el valor de acercar las dependencias y a sus funcionarios hasta los hogares de las familias sonorenses.<\/p>\n<p>\u201cLa verdad es muy importante todo esto, la campa\u00f1a que est\u00e1n haciendo, porque hay familias que lo necesitan, como madres solteras, hay familias de bajos recursos. La verdad, es necesario, bastante apoyo para este lado, para el norte\u201d, indic\u00f3.<\/p>\n<p>La se\u00f1ora Mar\u00eda Albertina Sarabia Ochoa agradeci\u00f3 al gobernador Alfonso Durazo por organizar este tipo de eventos, que significan un gran respaldo para todas las familias.<\/p>\n<p>\u201cYo le agradezco mucho al gobernador por todo lo que hace. Es un apoyo para todas las personas\u201d, coment\u00f3.<\/p>\n<p>Jorge Luis Romero mencion\u00f3 que con la feria de servicios \u201cSonora Atiende\u201d, las y los ciudadanos se ahorran tiempo y tr\u00e1mites, adem\u00e1s de acceder a servicios gratuitos.<\/p>\n<p>\u201cEst\u00e1 bien por el tiempo, por las vueltas, por este calor, el tiempo que te ahorras. Que siga apoyando a las colonias de Hermosillo, es importante que veamos por ac\u00e1 los cambios\u201d, coment\u00f3.<\/p>\n<p>Francisco Javier Valadez Espinoza reconoci\u00f3 el liderazgo del gobernador Durazo Monta\u00f1o por atender las necesidades de las familias del norte de Hermosillo y brindar beneficios a quienes m\u00e1s lo requieren.<\/p>\n<p>\u201cLe damos las gracias porque est\u00e1 ayudando a la gente. Hay mucha gente que necesita y no tiene los recursos\u201d, se\u00f1al\u00f3.<\/p>\n<p>En el inicio de estas jornadas de servicios estuvieron presentes Adolfo Salazar Razo, secretario de Gobierno; Paulina Oca\u00f1a, jefa de la Oficina del Ejecutivo Estatal; Paloma Ter\u00e1n, coordinadora general del Sistema Estatal de Comunicaci\u00f3n Social; Froyl\u00e1n G\u00e1mez Gamboa, secretario de Educaci\u00f3n y Cultura; Roberto Gradillas, secretario de Econom\u00eda y Turismo; y Sheila Hern\u00e1ndez, secretaria de las Mujeres; Manuel C\u00e1\u00f1ez Mart\u00ednez, director general del Instituto de Becas y Cr\u00e9dito Educativo; y Pedro Fontes Ort\u00edz, director general de la Comisi\u00f3n de Vivienda del Estado de Sonora.<\/p>\n","protected":false},"excerpt":{"rendered":"<p>Hermosillo, Sonora; 27 de mayo de 2025.- En cumplimiento al compromiso del gobernador Alfonso Durazo Monta\u00f1o de dar respuesta oportuna a las solicitudes de tr\u00e1mites por parte de la ciudadan\u00eda, se llev\u00f3 a cabo la feria de servicios \u201cSonora Atiende\u201d en la colonia Villas del Real, al norte de Hermosillo, con la participaci\u00f3n de 24 [&hellip;]<\/p>\n","protected":false},"author":2,"featured_media":219754,"comment_status":"closed","ping_status":"closed","sticky":false,"template":"","format":"standard","meta":{"footnotes":""},"categories":[12870,178],"tags":[12865,12869],"class_list":["post-219753","post","type-post","status-publish","format-standard","has-post-thumbnail","hentry","category-destacadas","category-local","tag-destacadas","tag-local"],"jetpack_featured_media_url":"https:\/\/rnoticias.com.mx\/Portal\/wp-content\/uploads\/2025\/05\/unnaddmed-19.jpg","amp_enabled":true,"_links":{"self":[{"href":"https:\/\/rnoticias.com.mx\/Portal\/wp-json\/wp\/v2\/posts\/219753","targetHints":{"allow":["GET"]}}],"collection":[{"href":"https:\/\/rnoticias.com.mx\/Portal\/wp-json\/wp\/v2\/posts"}],"about":[{"href":"https:\/\/rnoticias.com.mx\/Portal\/wp-json\/wp\/v2\/types\/post"}],"author":[{"embeddable":true,"href":"https:\/\/rnoticias.com.mx\/Portal\/wp-json\/wp\/v2\/users\/2"}],"replies":[{"embeddable":true,"href":"https:\/\/rnoticias.com.mx\/Portal\/wp-json\/wp\/v2\/comments?post=219753"}],"version-history":[{"count":1,"href":"https:\/\/rnoticias.com.mx\/Portal\/wp-json\/wp\/v2\/posts\/219753\/revisions"}],"predecessor-version":[{"id":219755,"href":"https:\/\/rnoticias.com.mx\/Portal\/wp-json\/wp\/v2\/posts\/219753\/revisions\/219755"}],"wp:featuredmedia":[{"embeddable":true,"href":"https:\/\/rnoticias.com.mx\/Portal\/wp-json\/wp\/v2\/media\/219754"}],"wp:attachment":[{"href":"https:\/\/rnoticias.com.mx\/Portal\/wp-json\/wp\/v2\/media?parent=219753"}],"wp:term":[{"taxonomy":"category","embeddable":true,"href":"https:\/\/rnoticias.com.mx\/Portal\/wp-json\/wp\/v2\/categories?post=219753"},{"taxonomy":"post_tag","embeddable":true,"href":"https:\/\/rnoticias.com.mx\/Portal\/wp-json\/wp\/v2\/tags?post=219753"}],"curies":[{"name":"wp","href":"https:\/\/api.w.org\/{rel}","templated":true}]}}