{"id":219747,"date":"2025-05-27T10:43:20","date_gmt":"2025-05-27T17:43:20","guid":{"rendered":"https:\/\/rnoticias.com.mx\/Portal\/?p=219747"},"modified":"2025-05-27T10:43:20","modified_gmt":"2025-05-27T17:43:20","slug":"investiga-fgje-retiro-de-personas-de-plazas-de-hermosillo","status":"publish","type":"post","link":"https:\/\/rnoticias.com.mx\/Portal\/2025\/05\/27\/investiga-fgje-retiro-de-personas-de-plazas-de-hermosillo\/","title":{"rendered":"Investiga FGJE retiro de personas de plazas de Hermosillo"},"content":{"rendered":"<p class=\"ei-articleBody__StyledText-sc-1wmd47a-1 gXgyFY body-paragraph ei-article-body-text\">La Fiscal\u00eda General de Justicia del Estado (<a title=\"https:\/\/www.elimparcial.com\/tags\/fgje-sonora\/\" href=\"https:\/\/www.elimparcial.com\/tags\/fgje-sonora\/\" target=\"_blank\" rel=\"noopener noreferrer\"><b>FGJE<\/b><\/a>)\u00a0<u>investiga un presunto retiro masivo de personas que realiz\u00f3 la Polic\u00eda de Hermosillo en las plazas de la ciudad<\/u>, que no necesariamente eran indigentes.<\/p>\n<p class=\"ei-articleBody__StyledText-sc-1wmd47a-1 gXgyFY body-paragraph ei-article-body-text\"><b>Gustavo R\u00f3mulo Salas Ch\u00e1vez<\/b>, fiscal general de Justicia del Estado, coment\u00f3 que abrieron una carpeta de investigaci\u00f3n por\u00a0<u>quejas de personas que fueron\u00a0<\/u><u><b>llevadas contra su voluntad<\/b><\/u><u>\u00a0a una Comandancia de Polic\u00eda y luego trasladadas en un cami\u00f3n al Sur del Estado<\/u>.<\/p>\n<blockquote class=\"ei-articleBodyBlockquote__BlockquoteContainer-sc-1cfj0bi-0 jViOKz ei-blockquote-ctn\" cite=\"https:\/\/www.elimparcial.com\/son\/hermosillo\/2025\/05\/27\/investiga-fgje-retiro-de-personas-de-plazas-de-hermosillo\/Gustavo%20R%C3%B3mulo%20Salas%20Ch%C3%A1vez,%20fiscal%20general%20de%20Justicia%20del%20Estado.\">\n<p class=\"secondary-font__SecondaryFontStyles-sc-xwub3d-0 jGKTtR\">Tuvimos conocimiento que este fin de semana, varias personas, no necesariamente indigentes, manifiestan que son alba\u00f1il, jornaleros algunos de ellos de los campos agr\u00edcolas pegados a Hermosillo, otro es velador, otro entiendo que es lavacoches\u201d.<\/p>\n<p><span class=\"primary-font__PrimaryFontStyles-sc-lvjzch-0 caoNlJ citation-text\">\u2014 \u00a0Gustavo R\u00f3mulo Salas Ch\u00e1vez, fiscal general de Justicia del Estado.<\/span><\/p><\/blockquote>\n<p class=\"ei-articleBody__StyledText-sc-1wmd47a-1 gXgyFY body-paragraph ei-article-body-text\">\u201cFueron detenidos por parte de la Polic\u00eda Municipal de Hermosillo y en tres casos por lo menos, sabemos que hay m\u00e1s personas\u201d, se\u00f1al\u00f3, \u201cfueron llevados en autobuses cerca de la ciudad de Navojoa donde fueron abandonados\u201d.<\/p>\n<p class=\"ei-articleBody__StyledText-sc-1wmd47a-1 gXgyFY body-paragraph ei-article-body-text\">Mencion\u00f3 que cuentan con el testimonio del joven que se subi\u00f3 al templete en el concierto de Mar\u00eda Le\u00f3n en la Plaza Alonso Vidal,\u00a0<u>donde indica que fue golpeado y llevado ante la autoridad migratoria<\/u>, finalmente fue dejado en un albergue.<\/p>\n<blockquote class=\"ei-articleBodyBlockquote__BlockquoteContainer-sc-1cfj0bi-0 jViOKz ei-blockquote-ctn\" cite=\"https:\/\/www.elimparcial.com\/son\/hermosillo\/2025\/05\/27\/investiga-fgje-retiro-de-personas-de-plazas-de-hermosillo\/Gustavo%20R%C3%B3mulo%20Salas%20Ch%C3%A1vez,%20Fiscal%20General%20de%20Justicia%20del%20Estado.\">\n<p class=\"secondary-font__SecondaryFontStyles-sc-xwub3d-0 jGKTtR\">Ahorita tenemos esas denuncias, hay m\u00e1s personas, entiendo que ya la Comisi\u00f3n Estatal de Derechos Humanos tambi\u00e9n tiene conocimiento, es una investigaci\u00f3n en curso, en cuanto tengamos m\u00e1s informaci\u00f3n precisaremos\u201d.<\/p>\n<p><span class=\"primary-font__PrimaryFontStyles-sc-lvjzch-0 caoNlJ citation-text\">\u2014 \u00a0Gustavo R\u00f3mulo Salas Ch\u00e1vez, Fiscal General de Justicia del Estado.<\/span><\/p><\/blockquote>\n<p class=\"ei-articleBody__StyledText-sc-1wmd47a-1 gXgyFY body-paragraph ei-article-body-text\">La FGJE recab\u00f3 en su investigaci\u00f3n testimonios de que las personas fueron recolectadas en diferentes plazas p\u00fablicas de Hermosillo, llevadas a una comandancia y luego al Sur de Sonora en camiones sin darles informaci\u00f3n.<\/p>\n<h2 class=\"ei-articleBodyHeading__StyledHeading-sc-11axkf8-0 ksJtGZ ei-heading\"><b>En los testimonios, se precisa que las personas fueron llevadas a una comandancia y puestas en camiones que se dirig\u00edan al sur del estado, sin darles informaci\u00f3n de esto<\/b><\/h2>\n<p class=\"ei-articleBody__StyledText-sc-1wmd47a-1 gXgyFY body-paragraph ei-article-body-text\"><b>Manuel Emilio Hoyos D\u00edaz<\/b>, comisario general de la Polic\u00eda de Hermosillo, declar\u00f3 que sobre estas acusaciones esperar\u00e1n a que finalice la investigaci\u00f3n para saber con certeza lo que pas\u00f3.<\/p>\n<p class=\"ei-articleBody__StyledText-sc-1wmd47a-1 gXgyFY body-paragraph ei-article-body-text\">\u201cHay un programa de regreso a casa como se menciona\u201d, extern\u00f3, \u201cpues nom\u00e1s ser\u00eda cuesti\u00f3n de esperar como se indica, y como lo se\u00f1al\u00f3 el alcalde si alguien fue en contra de su voluntad, ser\u00edamos los primeros en poner orden, pero ah\u00ed preferir\u00eda a esperar lo que dicen que van a investigar\u201d.<\/p>\n<p class=\"ei-articleBody__StyledText-sc-1wmd47a-1 gXgyFY body-paragraph ei-article-body-text\"><u>Hoyos D\u00edaz dijo<\/u><u><b>\u00a0no tener las fechas\u00a0<\/b><\/u><u>en que los polic\u00edas apoyaron en este operativo<\/u>\u00a0y a su parecer este tipo de acusaciones corresponden a otros intereses.<\/p>\n<p>&nbsp;<\/p>\n<p>Fuente: El Impacial<\/p>\n","protected":false},"excerpt":{"rendered":"<p>La Fiscal\u00eda General de Justicia del Estado (FGJE)\u00a0investiga un presunto retiro masivo de personas que realiz\u00f3 la Polic\u00eda de Hermosillo en las plazas de la ciudad, que no necesariamente eran indigentes. Gustavo R\u00f3mulo Salas Ch\u00e1vez, fiscal general de Justicia del Estado, coment\u00f3 que abrieron una carpeta de investigaci\u00f3n por\u00a0quejas de personas que fueron\u00a0llevadas contra su [&hellip;]<\/p>\n","protected":false},"author":2,"featured_media":219748,"comment_status":"closed","ping_status":"closed","sticky":false,"template":"","format":"standard","meta":{"footnotes":""},"categories":[12870,178],"tags":[12865,12869],"class_list":["post-219747","post","type-post","status-publish","format-standard","has-post-thumbnail","hentry","category-destacadas","category-local","tag-destacadas","tag-local"],"jetpack_featured_media_url":"https:\/\/rnoticias.com.mx\/Portal\/wp-content\/uploads\/2025\/05\/images-5.jpg","amp_enabled":true,"_links":{"self":[{"href":"https:\/\/rnoticias.com.mx\/Portal\/wp-json\/wp\/v2\/posts\/219747","targetHints":{"allow":["GET"]}}],"collection":[{"href":"https:\/\/rnoticias.com.mx\/Portal\/wp-json\/wp\/v2\/posts"}],"about":[{"href":"https:\/\/rnoticias.com.mx\/Portal\/wp-json\/wp\/v2\/types\/post"}],"author":[{"embeddable":true,"href":"https:\/\/rnoticias.com.mx\/Portal\/wp-json\/wp\/v2\/users\/2"}],"replies":[{"embeddable":true,"href":"https:\/\/rnoticias.com.mx\/Portal\/wp-json\/wp\/v2\/comments?post=219747"}],"version-history":[{"count":1,"href":"https:\/\/rnoticias.com.mx\/Portal\/wp-json\/wp\/v2\/posts\/219747\/revisions"}],"predecessor-version":[{"id":219749,"href":"https:\/\/rnoticias.com.mx\/Portal\/wp-json\/wp\/v2\/posts\/219747\/revisions\/219749"}],"wp:featuredmedia":[{"embeddable":true,"href":"https:\/\/rnoticias.com.mx\/Portal\/wp-json\/wp\/v2\/media\/219748"}],"wp:attachment":[{"href":"https:\/\/rnoticias.com.mx\/Portal\/wp-json\/wp\/v2\/media?parent=219747"}],"wp:term":[{"taxonomy":"category","embeddable":true,"href":"https:\/\/rnoticias.com.mx\/Portal\/wp-json\/wp\/v2\/categories?post=219747"},{"taxonomy":"post_tag","embeddable":true,"href":"https:\/\/rnoticias.com.mx\/Portal\/wp-json\/wp\/v2\/tags?post=219747"}],"curies":[{"name":"wp","href":"https:\/\/api.w.org\/{rel}","templated":true}]}}