{"id":219744,"date":"2025-05-27T10:40:39","date_gmt":"2025-05-27T17:40:39","guid":{"rendered":"https:\/\/rnoticias.com.mx\/Portal\/?p=219744"},"modified":"2025-05-27T10:40:39","modified_gmt":"2025-05-27T17:40:39","slug":"detienen-a-6-personas-por-fuga-de-el-ponchis","status":"publish","type":"post","link":"https:\/\/rnoticias.com.mx\/Portal\/2025\/05\/27\/detienen-a-6-personas-por-fuga-de-el-ponchis\/","title":{"rendered":"Detienen a 6 personas por fuga de \u201cEl Ponchis\u201d"},"content":{"rendered":"<p class=\"ei-articleBody__StyledText-sc-1wmd47a-1 gXgyFY body-paragraph ei-article-body-text\">Hermosillo, Sonora.- Hay\u00a0<b>seis personas detenidas<\/b>\u00a0por la fuga de \u201c<a title=\"https:\/\/www.elimparcial.com\/son\/sonora\/2025\/05\/08\/ofrecen-un-millon-de-pesos-por-el-ponchis-y-activan-operativo-de-recaptura-tras-su-fuga-de-cereso-en-sonora\/\" href=\"https:\/\/www.elimparcial.com\/son\/sonora\/2025\/05\/08\/ofrecen-un-millon-de-pesos-por-el-ponchis-y-activan-operativo-de-recaptura-tras-su-fuga-de-cereso-en-sonora\/\" target=\"_self\" rel=\"\">El Ponchis<\/a>\u201d, uno de ellos se hizo pasar por el hoy pr\u00f3fugo para que pudiera escapar, inform\u00f3\u00a0<b>Ram\u00f3n Tadeo Grad\u00edas Enr\u00edquez<\/b>.<\/p>\n<p class=\"ei-articleBody__StyledText-sc-1wmd47a-1 gXgyFY body-paragraph ei-article-body-text\">El vicefiscal de procesos de la Fiscal\u00eda General de Justicia del Estado de Sonora (<a title=\"https:\/\/www.elimparcial.com\/mexico\/2025\/05\/19\/fiscalia-de-sonora-descarta-necropsia-por-muerte-de-joven-en-expogan-fue-un-caso-clinico\/\" href=\"https:\/\/www.elimparcial.com\/mexico\/2025\/05\/19\/fiscalia-de-sonora-descarta-necropsia-por-muerte-de-joven-en-expogan-fue-un-caso-clinico\/\" target=\"_self\" rel=\"\">FGJES<\/a>) declar\u00f3 que de las seis personas detenidas,\u00a0<b>cinco fueron vinculadas a proceso\u00a0<\/b>por evasi\u00f3n de presos, asociaci\u00f3n delictuosa e incumplimiento de un deber legal.<\/p>\n<blockquote class=\"ei-articleBodyBlockquote__BlockquoteContainer-sc-1cfj0bi-0 jViOKz ei-blockquote-ctn\" cite=\"https:\/\/www.elimparcial.com\/son\/hermosillo\/2025\/05\/27\/detienen-a-6-personas-por-fuga-de-el-ponchis\/\">\n<p class=\"secondary-font__SecondaryFontStyles-sc-xwub3d-0 jGKTtR\">El d\u00eda de ma\u00f1ana se est\u00e1 llevando la continuaci\u00f3n de la audiencia inicial se vincular\u00e1 al sexto de los que acabo de mencionar por los delitos antes referidos\u201d, dijo.<\/p>\n<\/blockquote>\n<p class=\"ei-articleBody__StyledText-sc-1wmd47a-1 gXgyFY body-paragraph ei-article-body-text\">En un reporte, la FGJES indic\u00f3 que obtuvo de un Juez la vinculaci\u00f3n a proceso de Manuel \u201cN.\u201d, por los delitos de\u00a0<u>evasi\u00f3n de presos agravada, asociaci\u00f3n delictuosa agravada e incumplimiento de un deber legal<\/u>.<\/p>\n<div class=\"ei-recommendedCard__RecommendedCardContainer-sc-1walexe-0 iVyGSc ei-recommended-card-container\">\n<div class=\"ei-recommendedCard__RecommendedCardInfoContainer-sc-1walexe-3 ghXRyc ei-recommended-card-info-container\">\n<h3 class=\"ei-recommendedCard__RecommendedCardSectionText-sc-1walexe-4 cbrBDw ei-recommended-card-section-text\">Hermosillo<\/h3>\n<p class=\"ei-recommendedCard__RecommendedCardHeadlineText-sc-1walexe-6 fPjSbY ei-recommended-card-headline-text\">Vinculan a proceso con prisi\u00f3n preventiva a catorce personas por fraude en la ExpoGan<\/p>\n<\/div>\n<\/div>\n<p class=\"ei-articleBody__StyledText-sc-1wmd47a-1 gXgyFY body-paragraph ei-article-body-text\">En continuaci\u00f3n de audiencia de vinculaci\u00f3n a proceso se acredit\u00f3 la presunta responsabilidad del se\u00f1alado, con relaci\u00f3n a la evasi\u00f3n de Sal\u00fa Francisco \u201cN\u201d y\/o Sa\u00fal Francisco \u201cN\u201d, alias \u201c<b>El Ponchis<\/b>\u201d o \u201c<b>El Fantasma<\/b>\u201d; ocurrida la noche del domingo 4 de mayo.<\/p>\n<p class=\"ei-articleBody__StyledText-sc-1wmd47a-1 gXgyFY body-paragraph ei-article-body-text\"><b>Manuel \u201cN\u201d<\/b>\u00a0se desempe\u00f1aba como uno de los mandos del cuerpo de seguridad del\u00a0<b>Centro de Reinserci\u00f3n Social 1<\/b>\u00a0(CERESO) de Hermosillo.<\/p>\n<p class=\"ei-articleBody__StyledText-sc-1wmd47a-1 gXgyFY body-paragraph ei-article-body-text\">La FGJES, a trav\u00e9s de la<b>\u00a0Fiscal\u00eda Anticorrupci\u00f3n de Sonora\u00a0<\/b>(FAS), atender\u00e1 el caso en un plazo de 6 meses de investigaci\u00f3n complementaria, tiempo en el cual, Manuel \u201cN\u201d permanecer\u00e1 en prisi\u00f3n preventiva justificada por determinaci\u00f3n del Juez.<\/p>\n<p class=\"ei-articleBody__StyledText-sc-1wmd47a-1 gXgyFY body-paragraph ei-article-body-text\">Sobre \u201cEl Ponchis\u201d, se cuenta con las correspondientes \u00f3rdenes de reaprehensi\u00f3n en su contra por los delitos de homicidio calificado con premeditaci\u00f3n, alevos\u00eda y ventaja, falsificaci\u00f3n de documento, falsedad de declaraci\u00f3n, asociaci\u00f3n delictuosa y posesi\u00f3n de metanfetamina con fines de venta.<\/p>\n<p>&nbsp;<\/p>\n<p>Fuente: El Imparcial<\/p>\n","protected":false},"excerpt":{"rendered":"<p>Hermosillo, Sonora.- Hay\u00a0seis personas detenidas\u00a0por la fuga de \u201cEl Ponchis\u201d, uno de ellos se hizo pasar por el hoy pr\u00f3fugo para que pudiera escapar, inform\u00f3\u00a0Ram\u00f3n Tadeo Grad\u00edas Enr\u00edquez. El vicefiscal de procesos de la Fiscal\u00eda General de Justicia del Estado de Sonora (FGJES) declar\u00f3 que de las seis personas detenidas,\u00a0cinco fueron vinculadas a proceso\u00a0por evasi\u00f3n [&hellip;]<\/p>\n","protected":false},"author":2,"featured_media":219745,"comment_status":"closed","ping_status":"closed","sticky":false,"template":"","format":"standard","meta":{"footnotes":""},"categories":[12870,178],"tags":[12865,12869],"class_list":["post-219744","post","type-post","status-publish","format-standard","has-post-thumbnail","hentry","category-destacadas","category-local","tag-destacadas","tag-local"],"jetpack_featured_media_url":"https:\/\/rnoticias.com.mx\/Portal\/wp-content\/uploads\/2025\/05\/detienen20ponchis20hermosillo20se20fuga_0.webp","amp_enabled":true,"_links":{"self":[{"href":"https:\/\/rnoticias.com.mx\/Portal\/wp-json\/wp\/v2\/posts\/219744","targetHints":{"allow":["GET"]}}],"collection":[{"href":"https:\/\/rnoticias.com.mx\/Portal\/wp-json\/wp\/v2\/posts"}],"about":[{"href":"https:\/\/rnoticias.com.mx\/Portal\/wp-json\/wp\/v2\/types\/post"}],"author":[{"embeddable":true,"href":"https:\/\/rnoticias.com.mx\/Portal\/wp-json\/wp\/v2\/users\/2"}],"replies":[{"embeddable":true,"href":"https:\/\/rnoticias.com.mx\/Portal\/wp-json\/wp\/v2\/comments?post=219744"}],"version-history":[{"count":1,"href":"https:\/\/rnoticias.com.mx\/Portal\/wp-json\/wp\/v2\/posts\/219744\/revisions"}],"predecessor-version":[{"id":219746,"href":"https:\/\/rnoticias.com.mx\/Portal\/wp-json\/wp\/v2\/posts\/219744\/revisions\/219746"}],"wp:featuredmedia":[{"embeddable":true,"href":"https:\/\/rnoticias.com.mx\/Portal\/wp-json\/wp\/v2\/media\/219745"}],"wp:attachment":[{"href":"https:\/\/rnoticias.com.mx\/Portal\/wp-json\/wp\/v2\/media?parent=219744"}],"wp:term":[{"taxonomy":"category","embeddable":true,"href":"https:\/\/rnoticias.com.mx\/Portal\/wp-json\/wp\/v2\/categories?post=219744"},{"taxonomy":"post_tag","embeddable":true,"href":"https:\/\/rnoticias.com.mx\/Portal\/wp-json\/wp\/v2\/tags?post=219744"}],"curies":[{"name":"wp","href":"https:\/\/api.w.org\/{rel}","templated":true}]}}