{"id":219735,"date":"2025-05-27T10:35:44","date_gmt":"2025-05-27T17:35:44","guid":{"rendered":"https:\/\/rnoticias.com.mx\/Portal\/?p=219735"},"modified":"2025-05-27T10:35:44","modified_gmt":"2025-05-27T17:35:44","slug":"vaticano-pide-respeto-del-derecho-internacional-en-gaza-y-urgente-tregua-en-ucrania","status":"publish","type":"post","link":"https:\/\/rnoticias.com.mx\/Portal\/2025\/05\/27\/vaticano-pide-respeto-del-derecho-internacional-en-gaza-y-urgente-tregua-en-ucrania\/","title":{"rendered":"Vaticano pide respeto del derecho internacional en Gaza y urgente tregua en Ucrania"},"content":{"rendered":"<p>El secretario de Estado\u00a0vaticano,\u00a0Pietro Parolin, asegur\u00f3 que \u201clo que est\u00e1 sucediendo en\u00a0Gaza\u00a0es\u00a0inaceptable\u201d y que \u201cel\u00a0derecho internacional humanitario\u00a0debe aplicarse siempre y a todos\u201d, al tiempo que urgi\u00f3 a alcanzar una tregua en\u00a0Ucrania.<\/p>\n<p>\u201cPedimos que cesen los bombardeos y que llegue la ayuda necesaria para la poblaci\u00f3n: creo que la comunidad internacional debe hacer todo lo posible para poner fin a esta tragedia. Al mismo tiempo, reiteramos en\u00e9rgicamente nuestro llamado a Ham\u00e1s para que libere de inmediato a todos los rehenes\u201d, dijo Parolin en una entrevista publicada en los medios vaticanos.<\/p>\n<p>Asimismo, tras el asesinato de dos israel\u00edes frente la embajada de Israel en Washington D.C., se\u00f1al\u00f3 que \u201chay que vigilar y garantizar que el c\u00e1ncer del antisemitismo, nunca derrotado definitivamente, no vuelva a levantar cabeza\u201d.<\/p>\n<p>Respecto al ofrecimiento del Vaticano como sede para nuevas negociaciones entre Ucrania y\u00a0Rusia, y que ya ha rechazado la parte rusa, Parolin especific\u00f3 que \u201cno se trat\u00f3 de una mediaci\u00f3n, porque la mediaci\u00f3n debe ser solicitada por las partes\u201d y que s\u00f3lo hubo \u201cuna oferta de disponibilidad para acoger una posible reuni\u00f3n\u201d.<\/p>\n<p>\u201cEn cualquier caso, no importa d\u00f3nde se celebren las negociaciones entre rusos y ucranianos que todos esperamos. Lo que realmente importa es que esta negociaci\u00f3n finalmente pueda comenzar, porque es urgente detener la guerra\u201d, dijo.<\/p>\n<p>\u201cEn primer lugar, es urgente una tregua para poner fin a la devastaci\u00f3n, a las ciudades destruidas, a los civiles que pierden la vida. Y luego es urgente llegar a una paz estable, justa y duradera, por tanto aceptada y consensuada por ambas partes\u201d, a\u00f1adi\u00f3.<\/p>\n<p>Tambi\u00e9n destac\u00f3 las primeras palabras de\u00a0Le\u00f3n XIV\u00a0sobre la paz: \u201cEl papa y toda la Santa Sede est\u00e1n comprometidos en la construcci\u00f3n de la paz y en promover toda iniciativa de di\u00e1logo y negociaci\u00f3n\u201d.<\/p>\n","protected":false},"excerpt":{"rendered":"<p>El secretario de Estado\u00a0vaticano,\u00a0Pietro Parolin, asegur\u00f3 que \u201clo que est\u00e1 sucediendo en\u00a0Gaza\u00a0es\u00a0inaceptable\u201d y que \u201cel\u00a0derecho internacional humanitario\u00a0debe aplicarse siempre y a todos\u201d, al tiempo que urgi\u00f3 a alcanzar una tregua en\u00a0Ucrania. \u201cPedimos que cesen los bombardeos y que llegue la ayuda necesaria para la poblaci\u00f3n: creo que la comunidad internacional debe hacer todo lo posible [&hellip;]<\/p>\n","protected":false},"author":2,"featured_media":219736,"comment_status":"closed","ping_status":"closed","sticky":false,"template":"","format":"standard","meta":{"footnotes":""},"categories":[12870,182],"tags":[12865,12871],"class_list":["post-219735","post","type-post","status-publish","format-standard","has-post-thumbnail","hentry","category-destacadas","category-internacional","tag-destacadas","tag-internacional"],"jetpack_featured_media_url":"https:\/\/rnoticias.com.mx\/Portal\/wp-content\/uploads\/2025\/05\/Gaza.webp","amp_enabled":true,"_links":{"self":[{"href":"https:\/\/rnoticias.com.mx\/Portal\/wp-json\/wp\/v2\/posts\/219735","targetHints":{"allow":["GET"]}}],"collection":[{"href":"https:\/\/rnoticias.com.mx\/Portal\/wp-json\/wp\/v2\/posts"}],"about":[{"href":"https:\/\/rnoticias.com.mx\/Portal\/wp-json\/wp\/v2\/types\/post"}],"author":[{"embeddable":true,"href":"https:\/\/rnoticias.com.mx\/Portal\/wp-json\/wp\/v2\/users\/2"}],"replies":[{"embeddable":true,"href":"https:\/\/rnoticias.com.mx\/Portal\/wp-json\/wp\/v2\/comments?post=219735"}],"version-history":[{"count":1,"href":"https:\/\/rnoticias.com.mx\/Portal\/wp-json\/wp\/v2\/posts\/219735\/revisions"}],"predecessor-version":[{"id":219737,"href":"https:\/\/rnoticias.com.mx\/Portal\/wp-json\/wp\/v2\/posts\/219735\/revisions\/219737"}],"wp:featuredmedia":[{"embeddable":true,"href":"https:\/\/rnoticias.com.mx\/Portal\/wp-json\/wp\/v2\/media\/219736"}],"wp:attachment":[{"href":"https:\/\/rnoticias.com.mx\/Portal\/wp-json\/wp\/v2\/media?parent=219735"}],"wp:term":[{"taxonomy":"category","embeddable":true,"href":"https:\/\/rnoticias.com.mx\/Portal\/wp-json\/wp\/v2\/categories?post=219735"},{"taxonomy":"post_tag","embeddable":true,"href":"https:\/\/rnoticias.com.mx\/Portal\/wp-json\/wp\/v2\/tags?post=219735"}],"curies":[{"name":"wp","href":"https:\/\/api.w.org\/{rel}","templated":true}]}}