{"id":219720,"date":"2025-05-27T09:46:55","date_gmt":"2025-05-27T16:46:55","guid":{"rendered":"https:\/\/rnoticias.com.mx\/Portal\/?p=219720"},"modified":"2025-05-27T09:46:55","modified_gmt":"2025-05-27T16:46:55","slug":"lanzadora-sonorense-consigue-oro-en-gp-de-paratletismo-en-cali","status":"publish","type":"post","link":"https:\/\/rnoticias.com.mx\/Portal\/2025\/05\/27\/lanzadora-sonorense-consigue-oro-en-gp-de-paratletismo-en-cali\/","title":{"rendered":"LANZADORA SONORENSE CONSIGUE ORO EN GP DE PARATLETISMO EN CALI"},"content":{"rendered":"<p><span data-olk-copy-source=\"MessageBody\">Hermosillo, Sonora, 27 de mayo del 2024.- La lanzadora sonorense adaptada, Jennifer Villalobos, conquist\u00f3 la medalla de oro en la jabalina, dentro de la etapa de Cali, Colombia, que forma parte del Grand Prix de Paratletismo 2025.<\/span><\/p>\n<p>&nbsp;<\/p>\n<p>Villalobos G\u00f3mez se coron\u00f3 campeona de esa fase del certamen en suelo colombiano, gracias a un disparo de 36.77 metros, con lo que consigui\u00f3 su tercera presea en el serial, ya que tambi\u00e9n logr\u00f3 una medalla dorada (bala) y una de bronce (jabalina) en la cita de Guadalajara, Jalisco (9-12 mayo).<\/p>\n<p>&nbsp;<\/p>\n<p>La paratleta sonorense gan\u00f3 el sitio de honor en la prueba de lanzamiento de jabalina, clasificaci\u00f3n F46, en donde dej\u00f3 con la plata a la ecuatoriana Ashley Cheme Godoy (25.39), mientras que el bronce lo obtuvo la colombiana Mireya Quina Mu\u00f1oz (15.05).<\/p>\n<p>&nbsp;<\/p>\n<p>Por lo tanto, mediante esa medalla \u00e1urea, colabor\u00f3 en la gran actuaci\u00f3n de la delegaci\u00f3n mexicana que termin\u00f3 en la segunda posici\u00f3n general en la sede de Cali, Colombia, tras sumar 13 medallas de oro, 13 platas y 11 bronces, para un total de 37 metales de los tres colores.<\/p>\n<p>&nbsp;<\/p>\n<p>Tanto el Grand Prix en la ciudad colombiana, como el de la Perla Tapat\u00eda, han sido excelentes fogueos para los paratletas mexicanos que buscan obtener plazas rumbo al Campeonato Mundial de Paratletismo, a efectuarse en Nueva Delhi, India, entre el 27 de septiembre y el 5 de octubre.<\/p>\n","protected":false},"excerpt":{"rendered":"<p>Hermosillo, Sonora, 27 de mayo del 2024.- La lanzadora sonorense adaptada, Jennifer Villalobos, conquist\u00f3 la medalla de oro en la jabalina, dentro de la etapa de Cali, Colombia, que forma parte del Grand Prix de Paratletismo 2025. &nbsp; Villalobos G\u00f3mez se coron\u00f3 campeona de esa fase del certamen en suelo colombiano, gracias a un disparo [&hellip;]<\/p>\n","protected":false},"author":2,"featured_media":219721,"comment_status":"closed","ping_status":"closed","sticky":false,"template":"","format":"standard","meta":{"footnotes":""},"categories":[188,12870],"tags":[5231,12865],"class_list":["post-219720","post","type-post","status-publish","format-standard","has-post-thumbnail","hentry","category-deportes","category-destacadas","tag-deportes","tag-destacadas"],"jetpack_featured_media_url":"https:\/\/rnoticias.com.mx\/Portal\/wp-content\/uploads\/2025\/05\/Jennifer-Villalobos-jabalina-Cali.jpg","amp_enabled":true,"_links":{"self":[{"href":"https:\/\/rnoticias.com.mx\/Portal\/wp-json\/wp\/v2\/posts\/219720","targetHints":{"allow":["GET"]}}],"collection":[{"href":"https:\/\/rnoticias.com.mx\/Portal\/wp-json\/wp\/v2\/posts"}],"about":[{"href":"https:\/\/rnoticias.com.mx\/Portal\/wp-json\/wp\/v2\/types\/post"}],"author":[{"embeddable":true,"href":"https:\/\/rnoticias.com.mx\/Portal\/wp-json\/wp\/v2\/users\/2"}],"replies":[{"embeddable":true,"href":"https:\/\/rnoticias.com.mx\/Portal\/wp-json\/wp\/v2\/comments?post=219720"}],"version-history":[{"count":1,"href":"https:\/\/rnoticias.com.mx\/Portal\/wp-json\/wp\/v2\/posts\/219720\/revisions"}],"predecessor-version":[{"id":219722,"href":"https:\/\/rnoticias.com.mx\/Portal\/wp-json\/wp\/v2\/posts\/219720\/revisions\/219722"}],"wp:featuredmedia":[{"embeddable":true,"href":"https:\/\/rnoticias.com.mx\/Portal\/wp-json\/wp\/v2\/media\/219721"}],"wp:attachment":[{"href":"https:\/\/rnoticias.com.mx\/Portal\/wp-json\/wp\/v2\/media?parent=219720"}],"wp:term":[{"taxonomy":"category","embeddable":true,"href":"https:\/\/rnoticias.com.mx\/Portal\/wp-json\/wp\/v2\/categories?post=219720"},{"taxonomy":"post_tag","embeddable":true,"href":"https:\/\/rnoticias.com.mx\/Portal\/wp-json\/wp\/v2\/tags?post=219720"}],"curies":[{"name":"wp","href":"https:\/\/api.w.org\/{rel}","templated":true}]}}