{"id":219702,"date":"2025-05-26T21:13:00","date_gmt":"2025-05-27T04:13:00","guid":{"rendered":"https:\/\/rnoticias.com.mx\/Portal\/?p=219702"},"modified":"2025-05-26T21:13:00","modified_gmt":"2025-05-27T04:13:00","slug":"especialista-del-inah-impartira-conferencia-sobre-el-proyecto-de-restauracion-de-la-antigua-penitenciaria-del-estado-de-sonora-para-convertirla-en-museo-regional","status":"publish","type":"post","link":"https:\/\/rnoticias.com.mx\/Portal\/2025\/05\/26\/especialista-del-inah-impartira-conferencia-sobre-el-proyecto-de-restauracion-de-la-antigua-penitenciaria-del-estado-de-sonora-para-convertirla-en-museo-regional\/","title":{"rendered":"Especialista del INAH impartir\u00e1 conferencia sobre el proyecto de restauraci\u00f3n de la Antigua Penitenciar\u00eda del Estado de Sonora para convertirla en Museo Regional"},"content":{"rendered":"<div class=\"x_elementToProof\"><b data-olk-copy-source=\"MessageBody\">26 de mayo de 2025, Hermosillo, Sonora.<\/b>\u00a0\u2013 El Instituto Nacional de Antropolog\u00eda e Historia en Sonora invita a la presentaci\u00f3n de la charla \u201cEl rescate de un castillo&#8221;, a impartirse por el arquitecto Adolfo Garc\u00eda Robles, el pr\u00f3ximo viernes 30 de mayo, a las 17:00 horas en el Museo Regional de Sonora, Antigua Penitenciar\u00eda.<\/div>\n<div><\/div>\n<div class=\"x_elementToProof\">En el marco de celebraci\u00f3n del 40 aniversario del Museo Regional de Sonora, con el objetivo de preservar el patrimonio hist\u00f3rico y cultural del estado, se llevar\u00e1 a cabo una conferencia dedicada al proceso de restauraci\u00f3n y acondicionamiento del emblem\u00e1tico edificio de la antigua Penitenciar\u00eda del Estado de Sonora.<\/div>\n<div><\/div>\n<div class=\"x_elementToProof\">Esta charla compartir\u00e1 la iniciativa que logr\u00f3 rescatar uno de los inmuebles m\u00e1s significativos de la historia arquitect\u00f3nica y social de la regi\u00f3n, al mismo tiempo entreg\u00f3 a la ciudad un nuevo espacio cultural para la difusi\u00f3n del patrimonio sonorense.<\/div>\n<div><\/div>\n<div class=\"x_elementToProof\">El Arq. Adolfo Garc\u00eda Robles, especialista del INAH y coordinador del proyecto en esos a\u00f1os, menciona que \u201cel proyecto contempl\u00f3 su transformaci\u00f3n desde el inicio como el futuro Museo Regional de Sonora, iniciando como la sede oficial del Centro Regional del Noroeste, con diversos retos como proyecto, desde su recepci\u00f3n, as\u00ed como las etapas de restauraci\u00f3n y los planes para el uso museogr\u00e1fico del edificio, entre otros aspectos\u201d.<\/div>\n<div><\/div>\n<div class=\"x_elementToProof\">Las conferencias CAF\u00c9INAH son realizadas el \u00faltimo viernes de cada mes con el objetivo de acercar las \u00faltimas actividades, acciones y programas que el INAH desarrolla en torno a la preservaci\u00f3n y divulgaci\u00f3n del patrimonio cultural de Sonora.<\/div>\n<div class=\"x_elementToProof\" aria-hidden=\"true\"><\/div>\n<div class=\"x_elementToProof\">La invitaci\u00f3n est\u00e1 dirigida a todo p\u00fablico de manera presencial el pr\u00f3ximo\u00a0<b>viernes 30 de mayo, a las 17:00 horas<\/b>\u00a0de Sonora, en las instalaciones de la sala de lectura de la biblioteca Ernesto L\u00f3pez Yescas del Museo Regional de Sonora, Antigua Penitenciaria (Calle Jes\u00fas Garc\u00eda final s\/n. Col. La Matanza)<\/div>\n","protected":false},"excerpt":{"rendered":"<p>26 de mayo de 2025, Hermosillo, Sonora.\u00a0\u2013 El Instituto Nacional de Antropolog\u00eda e Historia en Sonora invita a la presentaci\u00f3n de la charla \u201cEl rescate de un castillo&#8221;, a impartirse por el arquitecto Adolfo Garc\u00eda Robles, el pr\u00f3ximo viernes 30 de mayo, a las 17:00 horas en el Museo Regional de Sonora, Antigua Penitenciar\u00eda. En [&hellip;]<\/p>\n","protected":false},"author":2,"featured_media":219703,"comment_status":"closed","ping_status":"closed","sticky":false,"template":"","format":"standard","meta":{"footnotes":""},"categories":[12870,178],"tags":[12865,12869],"class_list":["post-219702","post","type-post","status-publish","format-standard","has-post-thumbnail","hentry","category-destacadas","category-local","tag-destacadas","tag-local"],"jetpack_featured_media_url":"https:\/\/rnoticias.com.mx\/Portal\/wp-content\/uploads\/2025\/05\/CafeINAH_EDE_Feb.jpg","amp_enabled":true,"_links":{"self":[{"href":"https:\/\/rnoticias.com.mx\/Portal\/wp-json\/wp\/v2\/posts\/219702","targetHints":{"allow":["GET"]}}],"collection":[{"href":"https:\/\/rnoticias.com.mx\/Portal\/wp-json\/wp\/v2\/posts"}],"about":[{"href":"https:\/\/rnoticias.com.mx\/Portal\/wp-json\/wp\/v2\/types\/post"}],"author":[{"embeddable":true,"href":"https:\/\/rnoticias.com.mx\/Portal\/wp-json\/wp\/v2\/users\/2"}],"replies":[{"embeddable":true,"href":"https:\/\/rnoticias.com.mx\/Portal\/wp-json\/wp\/v2\/comments?post=219702"}],"version-history":[{"count":1,"href":"https:\/\/rnoticias.com.mx\/Portal\/wp-json\/wp\/v2\/posts\/219702\/revisions"}],"predecessor-version":[{"id":219704,"href":"https:\/\/rnoticias.com.mx\/Portal\/wp-json\/wp\/v2\/posts\/219702\/revisions\/219704"}],"wp:featuredmedia":[{"embeddable":true,"href":"https:\/\/rnoticias.com.mx\/Portal\/wp-json\/wp\/v2\/media\/219703"}],"wp:attachment":[{"href":"https:\/\/rnoticias.com.mx\/Portal\/wp-json\/wp\/v2\/media?parent=219702"}],"wp:term":[{"taxonomy":"category","embeddable":true,"href":"https:\/\/rnoticias.com.mx\/Portal\/wp-json\/wp\/v2\/categories?post=219702"},{"taxonomy":"post_tag","embeddable":true,"href":"https:\/\/rnoticias.com.mx\/Portal\/wp-json\/wp\/v2\/tags?post=219702"}],"curies":[{"name":"wp","href":"https:\/\/api.w.org\/{rel}","templated":true}]}}