{"id":219699,"date":"2025-05-26T21:11:36","date_gmt":"2025-05-27T04:11:36","guid":{"rendered":"https:\/\/rnoticias.com.mx\/Portal\/?p=219699"},"modified":"2025-05-26T21:11:36","modified_gmt":"2025-05-27T04:11:36","slug":"propone-canaco-nogales-que-nomina-sea-100-deducible","status":"publish","type":"post","link":"https:\/\/rnoticias.com.mx\/Portal\/2025\/05\/26\/propone-canaco-nogales-que-nomina-sea-100-deducible\/","title":{"rendered":"Propone Canaco Nogales que nomina sea 100% deducible"},"content":{"rendered":"<p>Busca la C\u00e1mara Nacional de Comercio (Canaco) Nogales, que, as\u00ed como a nivel nacional se reducir\u00e1 la jornada laboral semanal gradualmente a 40 horas, tambi\u00e9n quienes generen los empleos reciban del gobierno incentivos en deducciones al 100 por ciento en varios conceptos.<\/p>\n<p>&nbsp;<\/p>\n<p>Christian L\u00f3pez Cruz, presidente de Canaco Nogales, manifest\u00f3 que una de las propuestas que consideran fundamentales para el desarrollo de los comercios formales, es que la Federaci\u00f3n pudiese ayudar con incentivos a los negocios haciendo que la n\u00f3mina por ejemplo sea 100% deducible.<\/p>\n<p>&nbsp;<\/p>\n<p><strong>\u201cPues que nos ayuden con el incentivar que la n\u00f3mina sea 100% deducible, porque de antemano vamos a ocupar contratar m\u00e1s personal, los sueldos si son 100% pero capacitaciones a un nuevo trabajar es muy caro y ese tipo de detalles no se pueden fiscalizar al 100%\u201d, asever\u00f3.<\/strong><\/p>\n<p>&nbsp;<\/p>\n<p>Recalc\u00f3, que tambi\u00e9n hay otras obligaciones fiscales como los impuestos de la n\u00f3mina, pago de impuestos estatales y federales, entre otros y por lo cual el empresariado busca que de parte de sus autoridades haya una reciprocidad a fin de mantener una competitividad y generando m\u00e1s fuentes de empleo.<\/p>\n","protected":false},"excerpt":{"rendered":"<p>Busca la C\u00e1mara Nacional de Comercio (Canaco) Nogales, que, as\u00ed como a nivel nacional se reducir\u00e1 la jornada laboral semanal gradualmente a 40 horas, tambi\u00e9n quienes generen los empleos reciban del gobierno incentivos en deducciones al 100 por ciento en varios conceptos. &nbsp; Christian L\u00f3pez Cruz, presidente de Canaco Nogales, manifest\u00f3 que una de las [&hellip;]<\/p>\n","protected":false},"author":2,"featured_media":219700,"comment_status":"closed","ping_status":"closed","sticky":false,"template":"","format":"standard","meta":{"footnotes":""},"categories":[12870,174],"tags":[12865,12873],"class_list":["post-219699","post","type-post","status-publish","format-standard","has-post-thumbnail","hentry","category-destacadas","category-estatal","tag-destacadas","tag-estatal"],"jetpack_featured_media_url":"https:\/\/rnoticias.com.mx\/Portal\/wp-content\/uploads\/2025\/05\/logo-canaco-sin-fondo-chica-300x224-1-peakn2tkteimt5haaq7m3o8bn0cgmutu38or70vl5o.png","amp_enabled":true,"_links":{"self":[{"href":"https:\/\/rnoticias.com.mx\/Portal\/wp-json\/wp\/v2\/posts\/219699","targetHints":{"allow":["GET"]}}],"collection":[{"href":"https:\/\/rnoticias.com.mx\/Portal\/wp-json\/wp\/v2\/posts"}],"about":[{"href":"https:\/\/rnoticias.com.mx\/Portal\/wp-json\/wp\/v2\/types\/post"}],"author":[{"embeddable":true,"href":"https:\/\/rnoticias.com.mx\/Portal\/wp-json\/wp\/v2\/users\/2"}],"replies":[{"embeddable":true,"href":"https:\/\/rnoticias.com.mx\/Portal\/wp-json\/wp\/v2\/comments?post=219699"}],"version-history":[{"count":1,"href":"https:\/\/rnoticias.com.mx\/Portal\/wp-json\/wp\/v2\/posts\/219699\/revisions"}],"predecessor-version":[{"id":219701,"href":"https:\/\/rnoticias.com.mx\/Portal\/wp-json\/wp\/v2\/posts\/219699\/revisions\/219701"}],"wp:featuredmedia":[{"embeddable":true,"href":"https:\/\/rnoticias.com.mx\/Portal\/wp-json\/wp\/v2\/media\/219700"}],"wp:attachment":[{"href":"https:\/\/rnoticias.com.mx\/Portal\/wp-json\/wp\/v2\/media?parent=219699"}],"wp:term":[{"taxonomy":"category","embeddable":true,"href":"https:\/\/rnoticias.com.mx\/Portal\/wp-json\/wp\/v2\/categories?post=219699"},{"taxonomy":"post_tag","embeddable":true,"href":"https:\/\/rnoticias.com.mx\/Portal\/wp-json\/wp\/v2\/tags?post=219699"}],"curies":[{"name":"wp","href":"https:\/\/api.w.org\/{rel}","templated":true}]}}