{"id":219693,"date":"2025-05-26T21:09:42","date_gmt":"2025-05-27T04:09:42","guid":{"rendered":"https:\/\/rnoticias.com.mx\/Portal\/?p=219693"},"modified":"2025-05-26T21:09:42","modified_gmt":"2025-05-27T04:09:42","slug":"deben-bajar-los-casos-de-sarampion-en-la-ciudad-aoass","status":"publish","type":"post","link":"https:\/\/rnoticias.com.mx\/Portal\/2025\/05\/26\/deben-bajar-los-casos-de-sarampion-en-la-ciudad-aoass\/","title":{"rendered":"Deben bajar los casos de sarampi\u00f3n en la ciudad: Aoass"},"content":{"rendered":"<p>Debido a que en pocos d\u00edas se va reducir el n\u00famero de trabajadores agr\u00edcolas en campos del sur del estado, es que se prev\u00e9 tambi\u00e9n los casos de Sarampi\u00f3n se reduzcan.<\/p>\n<p>&nbsp;<\/p>\n<p>Luis Cruz Carrillo, presidente de la Asociaci\u00f3n de Organismos Agr\u00edcolas del Sur de Sonora (Aoass), se\u00f1al\u00f3 que esperan una disminuci\u00f3n de casos confirmados de sarampi\u00f3n en esa parte del estado, ya que la gran mayor\u00eda de los campos agr\u00edcolas est\u00e1n en su etapa de cortes y eso reducir\u00e1 el personal.<\/p>\n<p>&nbsp;<\/p>\n<p><strong>\u00a0\u201cLo que nos va a ayudar un poco a que esto se calme, es que esto ya est\u00e1 de salida, los cortes pr\u00e1cticamente para el d\u00eda ultimo de mayo, por la sequ\u00eda, la calidad del agua que es puro pozo no es la calidad adecuada y los cultivos no van a poder alargarse como quisi\u00e9ramos porque la calidad de las hortalizas est\u00e1 bajando porque no es agua de primera\u201d, dijo.<\/strong><\/p>\n<p><strong>\u00a0<\/strong><\/p>\n<p>Agreg\u00f3, que los casos confirmados en jornaleros agr\u00edcolas en regiones del sur del estado fueron contagios adquiridos en Chihuahua y posteriormente esparcidos en Sonora e igualmente reconoci\u00f3 las acciones inmediatas de parte de autoridades de salud para contener ese padecimiento entre su poblaci\u00f3n.<\/p>\n<p>&nbsp;<\/p>\n<p>&nbsp;<\/p>\n<p>&nbsp;<\/p>\n","protected":false},"excerpt":{"rendered":"<p>Debido a que en pocos d\u00edas se va reducir el n\u00famero de trabajadores agr\u00edcolas en campos del sur del estado, es que se prev\u00e9 tambi\u00e9n los casos de Sarampi\u00f3n se reduzcan. &nbsp; Luis Cruz Carrillo, presidente de la Asociaci\u00f3n de Organismos Agr\u00edcolas del Sur de Sonora (Aoass), se\u00f1al\u00f3 que esperan una disminuci\u00f3n de casos confirmados [&hellip;]<\/p>\n","protected":false},"author":2,"featured_media":219694,"comment_status":"closed","ping_status":"closed","sticky":false,"template":"","format":"standard","meta":{"footnotes":""},"categories":[12870,174],"tags":[12865,12873],"class_list":["post-219693","post","type-post","status-publish","format-standard","has-post-thumbnail","hentry","category-destacadas","category-estatal","tag-destacadas","tag-estatal"],"jetpack_featured_media_url":"https:\/\/rnoticias.com.mx\/Portal\/wp-content\/uploads\/2025\/05\/unnamed-116.jpg","amp_enabled":true,"_links":{"self":[{"href":"https:\/\/rnoticias.com.mx\/Portal\/wp-json\/wp\/v2\/posts\/219693","targetHints":{"allow":["GET"]}}],"collection":[{"href":"https:\/\/rnoticias.com.mx\/Portal\/wp-json\/wp\/v2\/posts"}],"about":[{"href":"https:\/\/rnoticias.com.mx\/Portal\/wp-json\/wp\/v2\/types\/post"}],"author":[{"embeddable":true,"href":"https:\/\/rnoticias.com.mx\/Portal\/wp-json\/wp\/v2\/users\/2"}],"replies":[{"embeddable":true,"href":"https:\/\/rnoticias.com.mx\/Portal\/wp-json\/wp\/v2\/comments?post=219693"}],"version-history":[{"count":1,"href":"https:\/\/rnoticias.com.mx\/Portal\/wp-json\/wp\/v2\/posts\/219693\/revisions"}],"predecessor-version":[{"id":219695,"href":"https:\/\/rnoticias.com.mx\/Portal\/wp-json\/wp\/v2\/posts\/219693\/revisions\/219695"}],"wp:featuredmedia":[{"embeddable":true,"href":"https:\/\/rnoticias.com.mx\/Portal\/wp-json\/wp\/v2\/media\/219694"}],"wp:attachment":[{"href":"https:\/\/rnoticias.com.mx\/Portal\/wp-json\/wp\/v2\/media?parent=219693"}],"wp:term":[{"taxonomy":"category","embeddable":true,"href":"https:\/\/rnoticias.com.mx\/Portal\/wp-json\/wp\/v2\/categories?post=219693"},{"taxonomy":"post_tag","embeddable":true,"href":"https:\/\/rnoticias.com.mx\/Portal\/wp-json\/wp\/v2\/tags?post=219693"}],"curies":[{"name":"wp","href":"https:\/\/api.w.org\/{rel}","templated":true}]}}