{"id":219681,"date":"2025-05-26T19:27:43","date_gmt":"2025-05-27T02:27:43","guid":{"rendered":"https:\/\/rnoticias.com.mx\/Portal\/?p=219681"},"modified":"2025-05-26T19:27:43","modified_gmt":"2025-05-27T02:27:43","slug":"iee-inicia-entrega-material-electoral","status":"publish","type":"post","link":"https:\/\/rnoticias.com.mx\/Portal\/2025\/05\/26\/iee-inicia-entrega-material-electoral\/","title":{"rendered":"IEE inicia entrega material electoral"},"content":{"rendered":"<p>El IEE Sonora inici\u00f3 con la entrega de paquetes y material electoral a las personas Supervisoras Electorales Locales y Capacitadoras Asistentes Electorales Locales (SEL y CAEL).<\/p>\n<p>En coordinaci\u00f3n con el INE los paquetes ser\u00e1n llevados a las Presidencias de Mesa Directiva de cada Casilla Seccional. Esta suma de esfuerzos permitir\u00e1n una jornada electoral organizada para la ciudadan\u00eda el 01 de junio.<\/p>\n","protected":false},"excerpt":{"rendered":"<p>El IEE Sonora inici\u00f3 con la entrega de paquetes y material electoral a las personas Supervisoras Electorales Locales y Capacitadoras Asistentes Electorales Locales (SEL y CAEL). En coordinaci\u00f3n con el INE los paquetes ser\u00e1n llevados a las Presidencias de Mesa Directiva de cada Casilla Seccional. Esta suma de esfuerzos permitir\u00e1n una jornada electoral organizada para [&hellip;]<\/p>\n","protected":false},"author":2,"featured_media":219683,"comment_status":"closed","ping_status":"closed","sticky":false,"template":"","format":"standard","meta":{"footnotes":""},"categories":[12870,174],"tags":[12865,12873],"class_list":["post-219681","post","type-post","status-publish","format-standard","has-post-thumbnail","hentry","category-destacadas","category-estatal","tag-destacadas","tag-estatal"],"jetpack_featured_media_url":"https:\/\/rnoticias.com.mx\/Portal\/wp-content\/uploads\/2025\/05\/IEE-inicia-entrega-material-electoral-1.jpeg","amp_enabled":true,"_links":{"self":[{"href":"https:\/\/rnoticias.com.mx\/Portal\/wp-json\/wp\/v2\/posts\/219681","targetHints":{"allow":["GET"]}}],"collection":[{"href":"https:\/\/rnoticias.com.mx\/Portal\/wp-json\/wp\/v2\/posts"}],"about":[{"href":"https:\/\/rnoticias.com.mx\/Portal\/wp-json\/wp\/v2\/types\/post"}],"author":[{"embeddable":true,"href":"https:\/\/rnoticias.com.mx\/Portal\/wp-json\/wp\/v2\/users\/2"}],"replies":[{"embeddable":true,"href":"https:\/\/rnoticias.com.mx\/Portal\/wp-json\/wp\/v2\/comments?post=219681"}],"version-history":[{"count":1,"href":"https:\/\/rnoticias.com.mx\/Portal\/wp-json\/wp\/v2\/posts\/219681\/revisions"}],"predecessor-version":[{"id":219684,"href":"https:\/\/rnoticias.com.mx\/Portal\/wp-json\/wp\/v2\/posts\/219681\/revisions\/219684"}],"wp:featuredmedia":[{"embeddable":true,"href":"https:\/\/rnoticias.com.mx\/Portal\/wp-json\/wp\/v2\/media\/219683"}],"wp:attachment":[{"href":"https:\/\/rnoticias.com.mx\/Portal\/wp-json\/wp\/v2\/media?parent=219681"}],"wp:term":[{"taxonomy":"category","embeddable":true,"href":"https:\/\/rnoticias.com.mx\/Portal\/wp-json\/wp\/v2\/categories?post=219681"},{"taxonomy":"post_tag","embeddable":true,"href":"https:\/\/rnoticias.com.mx\/Portal\/wp-json\/wp\/v2\/tags?post=219681"}],"curies":[{"name":"wp","href":"https:\/\/api.w.org\/{rel}","templated":true}]}}