{"id":219680,"date":"2025-05-26T19:58:10","date_gmt":"2025-05-27T02:58:10","guid":{"rendered":"https:\/\/rnoticias.com.mx\/Portal\/?p=219680"},"modified":"2025-05-26T19:58:10","modified_gmt":"2025-05-27T02:58:10","slug":"rescate-del-mercado-municipal-es-una-realidad-gobernador-durazo-entrega-instalaciones-renovadas-a-locatarios","status":"publish","type":"post","link":"https:\/\/rnoticias.com.mx\/Portal\/2025\/05\/26\/rescate-del-mercado-municipal-es-una-realidad-gobernador-durazo-entrega-instalaciones-renovadas-a-locatarios\/","title":{"rendered":"Rescate del Mercado Municipal es una realidad; Gobernador Durazo entrega instalaciones renovadas a locatarios"},"content":{"rendered":"<p>Hermosillo, Sonora; 26 de mayo del 2025.- El Mercado Municipal No. \u201cJos\u00e9 Mar\u00eda Pino Su\u00e1rez\u201d vivir\u00e1 100 a\u00f1os m\u00e1s; con la entrega oficial del edificio hist\u00f3rico renovado, por parte del gobernador Alfonso Durazo Monta\u00f1o a las y los locatarios, se cumple el compromiso de rescatar el patrimonio sonorense y dar a este sitio emblem\u00e1tico en el coraz\u00f3n de Hermosillo el valor que merece.<\/p>\n<p>A partir de esta entrega, el mandatario sonorense se\u00f1al\u00f3 que se inicia con el proceso de instalaci\u00f3n de las y los locatarios en sus espacios al interior del Mercado para reabrir pr\u00f3ximamente las puertas al p\u00fablico y se recobre la esencia de cultura, tradici\u00f3n y gastronom\u00eda que lo caracteriza. Como parte de la celebraci\u00f3n por su rescate, durante esta semana se realizar\u00e1n visitas guiadas, donde se podr\u00e1 conocer la historia, los detalles arquitect\u00f3nicos y la nueva cara de este tesoro patrimonial.<\/p>\n<p>Por primera vez en 100 a\u00f1os, el gobernador Alfonso Durazo logr\u00f3 la rehabilitaci\u00f3n y transformaci\u00f3n del Mercado Municipal, quien encabez\u00f3 una intervenci\u00f3n sin precedentes de la mano del Instituto Nacional de Antropolog\u00eda e Historia (INAH) marcando un antes y un despu\u00e9s en la historia del emblem\u00e1tico recinto.<\/p>\n<p>&#8220;Me da particular satisfacci\u00f3n estar el d\u00eda de hoy con ustedes para atestiguar este gran paso que damos en la transformaci\u00f3n de Sonora, en la transformaci\u00f3n de Hermosillo. Aqu\u00ed no solo estamos rescatando un centro comercial, estamos rescatando un patrimonio que tiene un extraordinario valor en t\u00e9rminos culturales, en t\u00e9rminos hist\u00f3ricos y por supuesto en t\u00e9rminos econ\u00f3micos. Lo hemos conseguido gracias a la suma de invariables esfuerzos&#8221;, coment\u00f3.<\/p>\n<p>Con una inversi\u00f3n hist\u00f3rica de m\u00e1s de 120 millones de pesos, se renovaron estructuras, techos, instalaciones el\u00e9ctricas, hidr\u00e1ulicas y sanitarias, pisos, fachadas y espacios gastron\u00f3micos. El resultado es un mercado seguro, accesible, funcional y lleno de vida, que honra su legado con mira hacia el futuro.<\/p>\n<p>El Mercado Municipal vuelve a ser el punto de encuentro que ha unido por d\u00e9cadas a las familias de Hermosillo. Con la entrega de esta obra, el Gobierno de Sonora cumple un sue\u00f1o colectivo, donde el comercio local, la cultura y la convivencia dar\u00e1n vida a este espacio emblem\u00e1tico que se preserva como s\u00edmbolo de identidad y motor econ\u00f3mico del Centro Hist\u00f3rico.<\/p>\n","protected":false},"excerpt":{"rendered":"<p>Hermosillo, Sonora; 26 de mayo del 2025.- El Mercado Municipal No. \u201cJos\u00e9 Mar\u00eda Pino Su\u00e1rez\u201d vivir\u00e1 100 a\u00f1os m\u00e1s; con la entrega oficial del edificio hist\u00f3rico renovado, por parte del gobernador Alfonso Durazo Monta\u00f1o a las y los locatarios, se cumple el compromiso de rescatar el patrimonio sonorense y dar a este sitio emblem\u00e1tico en [&hellip;]<\/p>\n","protected":false},"author":2,"featured_media":219685,"comment_status":"closed","ping_status":"closed","sticky":false,"template":"","format":"standard","meta":{"footnotes":""},"categories":[12870,178],"tags":[12865,12869],"class_list":["post-219680","post","type-post","status-publish","format-standard","has-post-thumbnail","hentry","category-destacadas","category-local","tag-destacadas","tag-local"],"jetpack_featured_media_url":"https:\/\/rnoticias.com.mx\/Portal\/wp-content\/uploads\/2025\/05\/unnamed-19-14.jpg","amp_enabled":true,"_links":{"self":[{"href":"https:\/\/rnoticias.com.mx\/Portal\/wp-json\/wp\/v2\/posts\/219680","targetHints":{"allow":["GET"]}}],"collection":[{"href":"https:\/\/rnoticias.com.mx\/Portal\/wp-json\/wp\/v2\/posts"}],"about":[{"href":"https:\/\/rnoticias.com.mx\/Portal\/wp-json\/wp\/v2\/types\/post"}],"author":[{"embeddable":true,"href":"https:\/\/rnoticias.com.mx\/Portal\/wp-json\/wp\/v2\/users\/2"}],"replies":[{"embeddable":true,"href":"https:\/\/rnoticias.com.mx\/Portal\/wp-json\/wp\/v2\/comments?post=219680"}],"version-history":[{"count":1,"href":"https:\/\/rnoticias.com.mx\/Portal\/wp-json\/wp\/v2\/posts\/219680\/revisions"}],"predecessor-version":[{"id":219686,"href":"https:\/\/rnoticias.com.mx\/Portal\/wp-json\/wp\/v2\/posts\/219680\/revisions\/219686"}],"wp:featuredmedia":[{"embeddable":true,"href":"https:\/\/rnoticias.com.mx\/Portal\/wp-json\/wp\/v2\/media\/219685"}],"wp:attachment":[{"href":"https:\/\/rnoticias.com.mx\/Portal\/wp-json\/wp\/v2\/media?parent=219680"}],"wp:term":[{"taxonomy":"category","embeddable":true,"href":"https:\/\/rnoticias.com.mx\/Portal\/wp-json\/wp\/v2\/categories?post=219680"},{"taxonomy":"post_tag","embeddable":true,"href":"https:\/\/rnoticias.com.mx\/Portal\/wp-json\/wp\/v2\/tags?post=219680"}],"curies":[{"name":"wp","href":"https:\/\/api.w.org\/{rel}","templated":true}]}}