{"id":219654,"date":"2025-05-26T14:08:02","date_gmt":"2025-05-26T21:08:02","guid":{"rendered":"https:\/\/rnoticias.com.mx\/Portal\/?p=219654"},"modified":"2025-05-26T14:08:02","modified_gmt":"2025-05-26T21:08:02","slug":"fortalece-gobierno-de-sonora-inclusion-de-alumnado-migrante-en-actividades-artisticas-y-culturales","status":"publish","type":"post","link":"https:\/\/rnoticias.com.mx\/Portal\/2025\/05\/26\/fortalece-gobierno-de-sonora-inclusion-de-alumnado-migrante-en-actividades-artisticas-y-culturales\/","title":{"rendered":"Fortalece Gobierno de Sonora inclusi\u00f3n de alumnado migrante en actividades art\u00edsticas y culturales"},"content":{"rendered":"<p>Hermosillo, Sonora; 26 de mayo de 2025.- Por medio del arte y la cultura, el Gobierno de Sonora promueve la inclusi\u00f3n, el respeto y el desarrollo integral de cada ni\u00f1o y ni\u00f1a migrante, reconociendo en su diversidad una fuente invaluable de riqueza cultural.<\/p>\n<p>A trav\u00e9s de la Secretar\u00eda de Educaci\u00f3n y Cultura (SEC), se organizaron los Eventos Art\u00edsticos y Culturales de Educaci\u00f3n Primaria del Servicio de Atenci\u00f3n Educativa de la Poblaci\u00f3n Escolar Migrante 2024-2025 \u201cPor una Escuela Migrante Inclusiva\u201d, con la participaci\u00f3n de estudiantes de varios municipios de la entidad.<\/p>\n<p>En representaci\u00f3n del titular de la SEC, Froyl\u00e1n G\u00e1mez Gamboa, la subsecretaria de Educaci\u00f3n B\u00e1sica, Beatriz Cota Ponce, resalt\u00f3 el compromiso del gobernador Alfonso Durazo con todos los sectores de la sociedad, especialmente aquellos que presentan alg\u00fan grado de vulnerabilidad.<\/p>\n<p>Proveniente de diversos planteles ubicados principalmente en campos agr\u00edcolas, el estudiantado demostr\u00f3 su habilidad y destreza en las disciplinas de canto, declamaci\u00f3n y dibujo, tras superar las diferentes etapas eliminatorias del concurso.<\/p>\n<p>Actualmente, el Servicio de Atenci\u00f3n Educativa de la Poblaci\u00f3n Escolar Migrante (Saepem) atiende a cerca de mil 400 ni\u00f1as y ni\u00f1os migrantes que acuden a 49 planteles, donde son recibidos con vocaci\u00f3n y compromiso por 82 docentes.<\/p>\n<p>Ganadoras y ganadores:<\/p>\n<p>Canto<\/p>\n<p>\u2022 Primer lugar: Christen Marie L\u00f3pez Ibarra | 11 a\u00f1os | Hermosillo | Primaria \u201cNueva Creaci\u00f3n Ciudad de los Ni\u00f1os\u201d<\/p>\n<p>\u2022 Segundo lugar: Ana Josehandi Nava Nava | 7 a\u00f1os | Guaymas | Primaria \u201cEmiliano Zapata\u201d<\/p>\n<p>\u2022 Tercer lugar: Yaritza Garc\u00eda Barrientos | 11 a\u00f1os | \u00cdmuris | Primaria \u201cNueva Creaci\u00f3n\u201d<\/p>\n<p>Declamaci\u00f3n<\/p>\n<p>\u2022 Primer lugar: Giezi Yameli Zotlanihua Corrales | 8 a\u00f1os | Hermosillo | Primaria \u201cNueva Creaci\u00f3n Ni\u00f1os Migrantes\u201d<\/p>\n<p>\u2022 Segundo lugar: Isabella Yatzibe Hern\u00e1ndez Hern\u00e1ndez | 6 a\u00f1os | Guaymas-Empalme | Primaria \u201cVicente Guerrero\u201d<\/p>\n<p>\u2022 Tercer lugar: Camila Guadalupe Padilla Rodr\u00edguez | 11 a\u00f1os | Caborca | Primaria \u201cNueva Creaci\u00f3n Ni\u00f1os Migrantes\u201d<\/p>\n<p>Dibujo<\/p>\n<p>\u2022 Primer lugar: Irma Yolanda P\u00e9rez L\u00f3pez | 12 a\u00f1os | Hermosillo | Primaria \u201cNueva Creaci\u00f3n Ni\u00f1os Migrantes\u201d<\/p>\n<p>\u2022 Segundo lugar: Dayanna Rodr\u00edguez Villa | 10 a\u00f1os | Guaymas | Primaria \u201cVicente Guerrero\u201d<\/p>\n<p>\u2022 Tercer lugar: Mariana Guadalupe Anduaga Mart\u00ednez | 10 a\u00f1os | Hermosillo | Primaria \u201cNueva Creaci\u00f3n Ciudad de los Ni\u00f1os\u201d<\/p>\n","protected":false},"excerpt":{"rendered":"<p>Hermosillo, Sonora; 26 de mayo de 2025.- Por medio del arte y la cultura, el Gobierno de Sonora promueve la inclusi\u00f3n, el respeto y el desarrollo integral de cada ni\u00f1o y ni\u00f1a migrante, reconociendo en su diversidad una fuente invaluable de riqueza cultural. A trav\u00e9s de la Secretar\u00eda de Educaci\u00f3n y Cultura (SEC), se organizaron [&hellip;]<\/p>\n","protected":false},"author":2,"featured_media":219652,"comment_status":"closed","ping_status":"closed","sticky":false,"template":"","format":"standard","meta":{"footnotes":""},"categories":[178],"tags":[12869],"class_list":["post-219654","post","type-post","status-publish","format-standard","has-post-thumbnail","hentry","category-local","tag-local"],"jetpack_featured_media_url":"https:\/\/rnoticias.com.mx\/Portal\/wp-content\/uploads\/2025\/05\/unnamed-113.jpg","amp_enabled":true,"_links":{"self":[{"href":"https:\/\/rnoticias.com.mx\/Portal\/wp-json\/wp\/v2\/posts\/219654","targetHints":{"allow":["GET"]}}],"collection":[{"href":"https:\/\/rnoticias.com.mx\/Portal\/wp-json\/wp\/v2\/posts"}],"about":[{"href":"https:\/\/rnoticias.com.mx\/Portal\/wp-json\/wp\/v2\/types\/post"}],"author":[{"embeddable":true,"href":"https:\/\/rnoticias.com.mx\/Portal\/wp-json\/wp\/v2\/users\/2"}],"replies":[{"embeddable":true,"href":"https:\/\/rnoticias.com.mx\/Portal\/wp-json\/wp\/v2\/comments?post=219654"}],"version-history":[{"count":1,"href":"https:\/\/rnoticias.com.mx\/Portal\/wp-json\/wp\/v2\/posts\/219654\/revisions"}],"predecessor-version":[{"id":219655,"href":"https:\/\/rnoticias.com.mx\/Portal\/wp-json\/wp\/v2\/posts\/219654\/revisions\/219655"}],"wp:featuredmedia":[{"embeddable":true,"href":"https:\/\/rnoticias.com.mx\/Portal\/wp-json\/wp\/v2\/media\/219652"}],"wp:attachment":[{"href":"https:\/\/rnoticias.com.mx\/Portal\/wp-json\/wp\/v2\/media?parent=219654"}],"wp:term":[{"taxonomy":"category","embeddable":true,"href":"https:\/\/rnoticias.com.mx\/Portal\/wp-json\/wp\/v2\/categories?post=219654"},{"taxonomy":"post_tag","embeddable":true,"href":"https:\/\/rnoticias.com.mx\/Portal\/wp-json\/wp\/v2\/tags?post=219654"}],"curies":[{"name":"wp","href":"https:\/\/api.w.org\/{rel}","templated":true}]}}