{"id":219580,"date":"2025-05-25T16:45:34","date_gmt":"2025-05-25T23:45:34","guid":{"rendered":"https:\/\/rnoticias.com.mx\/Portal\/?p=219580"},"modified":"2025-05-25T16:45:34","modified_gmt":"2025-05-25T23:45:34","slug":"fgjes-asegura-vehiculo-robado-arma-de-fuego-y-droga-en-operativo-conjunto-en-ciudad-obregon","status":"publish","type":"post","link":"https:\/\/rnoticias.com.mx\/Portal\/2025\/05\/25\/fgjes-asegura-vehiculo-robado-arma-de-fuego-y-droga-en-operativo-conjunto-en-ciudad-obregon\/","title":{"rendered":"FGJES asegura veh\u00edculo robado, arma de fuego y droga en operativo conjunto en Ciudad Obreg\u00f3n"},"content":{"rendered":"<p>Ciudad Obreg\u00f3n, Sonora, 25 de mayo de 2025.- La Agencia Ministerial de Investigaci\u00f3n Criminal (AMIC), en coordinaci\u00f3n con elementos de la Secretar\u00eda de la Defensa Nacional (DEFENSA) y la Guardia Nacional (GN), llev\u00f3 a cabo un operativo conjunto que culmin\u00f3 con el aseguramiento de un autom\u00f3vil con reporte de robo, una arma de fuego y sustancias estupefacientes.<\/p>\n<p>Durante actos de investigaci\u00f3n realizados en la calle Zacatecas de la colonia Faustino F\u00e9lix, se observ\u00f3 una unidad marca Chevrolet Suburban, modelo 2023.<\/p>\n<p>Al realizar una inspecci\u00f3n a su n\u00famero de serie, result\u00f3 con reporte de robo en Estados Unidos de Am\u00e9rica, posteriormente, al revisar el interior del veh\u00edculo, se localiz\u00f3 un fusil de asalto tipo AR-15, un cargador asociado al mismo, 37 cartuchos calibre .223 y 15 envoltorios pl\u00e1sticos conteniendo sustancia catalogada como metanfetamina.<\/p>\n<p>El autom\u00f3vil y los indicios decomisados quedaron a disposici\u00f3n del Agente del Ministerio P\u00fablico para continuar con las investigaciones correspondientes.<\/p>\n<p>Este resultado refrenda el compromiso de la FGJES con la lucha contra el tr\u00e1fico il\u00edcito de armas y drogas, as\u00ed como con la recuperaci\u00f3n de bienes sustra\u00eddos y el fortalecimiento de la seguridad ciudadana mediante acciones inmediatas y coordinadas entre instituciones.<\/p>\n","protected":false},"excerpt":{"rendered":"<p>Ciudad Obreg\u00f3n, Sonora, 25 de mayo de 2025.- La Agencia Ministerial de Investigaci\u00f3n Criminal (AMIC), en coordinaci\u00f3n con elementos de la Secretar\u00eda de la Defensa Nacional (DEFENSA) y la Guardia Nacional (GN), llev\u00f3 a cabo un operativo conjunto que culmin\u00f3 con el aseguramiento de un autom\u00f3vil con reporte de robo, una arma de fuego y [&hellip;]<\/p>\n","protected":false},"author":2,"featured_media":219581,"comment_status":"closed","ping_status":"closed","sticky":false,"template":"","format":"standard","meta":{"footnotes":""},"categories":[12870,174],"tags":[12865,12873],"class_list":["post-219580","post","type-post","status-publish","format-standard","has-post-thumbnail","hentry","category-destacadas","category-estatal","tag-destacadas","tag-estatal"],"jetpack_featured_media_url":"https:\/\/rnoticias.com.mx\/Portal\/wp-content\/uploads\/2025\/05\/2ec821b5-f85c-4c25-9c98-7c675953f3d3.jpg","amp_enabled":true,"_links":{"self":[{"href":"https:\/\/rnoticias.com.mx\/Portal\/wp-json\/wp\/v2\/posts\/219580","targetHints":{"allow":["GET"]}}],"collection":[{"href":"https:\/\/rnoticias.com.mx\/Portal\/wp-json\/wp\/v2\/posts"}],"about":[{"href":"https:\/\/rnoticias.com.mx\/Portal\/wp-json\/wp\/v2\/types\/post"}],"author":[{"embeddable":true,"href":"https:\/\/rnoticias.com.mx\/Portal\/wp-json\/wp\/v2\/users\/2"}],"replies":[{"embeddable":true,"href":"https:\/\/rnoticias.com.mx\/Portal\/wp-json\/wp\/v2\/comments?post=219580"}],"version-history":[{"count":1,"href":"https:\/\/rnoticias.com.mx\/Portal\/wp-json\/wp\/v2\/posts\/219580\/revisions"}],"predecessor-version":[{"id":219582,"href":"https:\/\/rnoticias.com.mx\/Portal\/wp-json\/wp\/v2\/posts\/219580\/revisions\/219582"}],"wp:featuredmedia":[{"embeddable":true,"href":"https:\/\/rnoticias.com.mx\/Portal\/wp-json\/wp\/v2\/media\/219581"}],"wp:attachment":[{"href":"https:\/\/rnoticias.com.mx\/Portal\/wp-json\/wp\/v2\/media?parent=219580"}],"wp:term":[{"taxonomy":"category","embeddable":true,"href":"https:\/\/rnoticias.com.mx\/Portal\/wp-json\/wp\/v2\/categories?post=219580"},{"taxonomy":"post_tag","embeddable":true,"href":"https:\/\/rnoticias.com.mx\/Portal\/wp-json\/wp\/v2\/tags?post=219580"}],"curies":[{"name":"wp","href":"https:\/\/api.w.org\/{rel}","templated":true}]}}