{"id":219546,"date":"2025-05-25T15:21:41","date_gmt":"2025-05-25T22:21:41","guid":{"rendered":"https:\/\/rnoticias.com.mx\/Portal\/?p=219546"},"modified":"2025-05-25T15:21:41","modified_gmt":"2025-05-25T22:21:41","slug":"disfrutan-visitantes-del-parque-madero-el-tercer-dia-de-fiestas-del-pitic-con-toneladas-de-rock","status":"publish","type":"post","link":"https:\/\/rnoticias.com.mx\/Portal\/2025\/05\/25\/disfrutan-visitantes-del-parque-madero-el-tercer-dia-de-fiestas-del-pitic-con-toneladas-de-rock\/","title":{"rendered":"Disfrutan visitantes del Parque Madero el tercer d\u00eda de Fiestas del Pitic con toneladas de rock"},"content":{"rendered":"<p><b data-olk-copy-source=\"MessageBody\">Hermosillo, Sonora; 25 de mayo, 2025.-<\/b>\u00a0Cientos de familias se dieron cita en las dos locaciones de Fiestas del Pitic 2025 en el Parque Madero vivieron una velada de teatro y variedad musical que incluy\u00f3 ritmos caribe\u00f1os, regional mexicano y mucho rock.<\/p>\n<p aria-hidden=\"true\">\n<p>La velada inici\u00f3 desde las 6 de la tarde en la Concha Ac\u00fastica, donde la orquesta Sinf\u00f3nica del Estado de Sonora ofreci\u00f3 el marco musical perfecto al cantante cubano Pedro Asencio, quien le puso sabor a la tarde con salsa y rumba, poniendo a bailar a j\u00f3venes y no tan j\u00f3venes.<\/p>\n<p>La diversi\u00f3n continu\u00f3 con la puesta en escena &#8220;Personajes del Hermosillo de Ayer y Hoy&#8221;, en la que actores y actrices de la compa\u00f1\u00eda Taco de Ojo Teatro motivaron un encuentro entre el p\u00fablico y la maestra Emiliana de Zubeld\u00eda, la estatua de pelotero H\u00e9ctor Espino, El Francisqu\u00edn, la vendedora de Chiltepineros a 10, el pizzero bailar\u00edn y una coyota defensora del piloncillo como \u00fanico relleno v\u00e1lido para el tradicional postre.<\/p>\n<p aria-hidden=\"true\">\n<p>La obra retoma la historia de Arturo Ch\u00e1vez, el eterno enamorado, como la habr\u00eda contado \u201cEsmeralda\u201d, la maniqu\u00ed vestida de novia que tanto am\u00f3, lo que salpic\u00f3 con un momento emotivo el ambiente de bromas y ocurrencias divertidas de la tarde.<\/p>\n<p aria-hidden=\"true\">\n<p>En el escenario Madero la cantante hermosillense MS Ambar deleit\u00f3 al p\u00fablico con sus interpretaciones de temas propios y covers con su estilo fresco y voz potente y aterciopelada.<\/p>\n<p aria-hidden=\"true\">\n<p>A las 10 de la noche la banda de rock Los Concorde cautiv\u00f3 con un impresionante concierto revestido de efectos de luces que prendi\u00f3 el ambiente desde sus primeros acordes.<\/p>\n<p aria-hidden=\"true\">\n<p>Los experimentados m\u00fasicos hicieron gala de destrezas con sus instrumentos y tambi\u00e9n de su capacidad de conectar con el p\u00fablico de todas edades, como el que en la noche del s\u00e1bado se reuni\u00f3 ante el escenario del Parque Madero.<\/p>\n<p aria-hidden=\"true\">\n<p>Lo propio hicieron los integrantes de la banda Los L\u00f3pez P\u00e9rez, con un vibrante concierto con el que enaltecieron los conceptos de justicia y equidad, a la vez que energizaron la noche del tercer d\u00eda del programa art\u00edstico, cultural y de esparcimiento de las Fiestas del Pitic 2025.<\/p>\n","protected":false},"excerpt":{"rendered":"<p>Hermosillo, Sonora; 25 de mayo, 2025.-\u00a0Cientos de familias se dieron cita en las dos locaciones de Fiestas del Pitic 2025 en el Parque Madero vivieron una velada de teatro y variedad musical que incluy\u00f3 ritmos caribe\u00f1os, regional mexicano y mucho rock. La velada inici\u00f3 desde las 6 de la tarde en la Concha Ac\u00fastica, donde [&hellip;]<\/p>\n","protected":false},"author":2,"featured_media":219547,"comment_status":"closed","ping_status":"closed","sticky":false,"template":"","format":"standard","meta":{"footnotes":""},"categories":[12870,178],"tags":[12865,12869],"class_list":["post-219546","post","type-post","status-publish","format-standard","has-post-thumbnail","hentry","category-destacadas","category-local","tag-destacadas","tag-local"],"jetpack_featured_media_url":"https:\/\/rnoticias.com.mx\/Portal\/wp-content\/uploads\/2025\/05\/Disfrutan-visitantes-del-Parque-Madero-el-tercer-dia-de-Fiestas-del-Pitic-con-toneladas-de-rock12.jpg","amp_enabled":true,"_links":{"self":[{"href":"https:\/\/rnoticias.com.mx\/Portal\/wp-json\/wp\/v2\/posts\/219546","targetHints":{"allow":["GET"]}}],"collection":[{"href":"https:\/\/rnoticias.com.mx\/Portal\/wp-json\/wp\/v2\/posts"}],"about":[{"href":"https:\/\/rnoticias.com.mx\/Portal\/wp-json\/wp\/v2\/types\/post"}],"author":[{"embeddable":true,"href":"https:\/\/rnoticias.com.mx\/Portal\/wp-json\/wp\/v2\/users\/2"}],"replies":[{"embeddable":true,"href":"https:\/\/rnoticias.com.mx\/Portal\/wp-json\/wp\/v2\/comments?post=219546"}],"version-history":[{"count":1,"href":"https:\/\/rnoticias.com.mx\/Portal\/wp-json\/wp\/v2\/posts\/219546\/revisions"}],"predecessor-version":[{"id":219548,"href":"https:\/\/rnoticias.com.mx\/Portal\/wp-json\/wp\/v2\/posts\/219546\/revisions\/219548"}],"wp:featuredmedia":[{"embeddable":true,"href":"https:\/\/rnoticias.com.mx\/Portal\/wp-json\/wp\/v2\/media\/219547"}],"wp:attachment":[{"href":"https:\/\/rnoticias.com.mx\/Portal\/wp-json\/wp\/v2\/media?parent=219546"}],"wp:term":[{"taxonomy":"category","embeddable":true,"href":"https:\/\/rnoticias.com.mx\/Portal\/wp-json\/wp\/v2\/categories?post=219546"},{"taxonomy":"post_tag","embeddable":true,"href":"https:\/\/rnoticias.com.mx\/Portal\/wp-json\/wp\/v2\/tags?post=219546"}],"curies":[{"name":"wp","href":"https:\/\/api.w.org\/{rel}","templated":true}]}}