{"id":219536,"date":"2025-05-24T15:04:46","date_gmt":"2025-05-24T22:04:46","guid":{"rendered":"https:\/\/rnoticias.com.mx\/Portal\/?p=219536"},"modified":"2025-05-24T15:04:46","modified_gmt":"2025-05-24T22:04:46","slug":"ofrecen-concierto-de-opera-alumnos-de-la-unison-en-fiesta-del-pitic-2025","status":"publish","type":"post","link":"https:\/\/rnoticias.com.mx\/Portal\/2025\/05\/24\/ofrecen-concierto-de-opera-alumnos-de-la-unison-en-fiesta-del-pitic-2025\/","title":{"rendered":"Ofrecen concierto de opera alumnos de la Unison en Fiesta del Pitic 2025"},"content":{"rendered":"<p><b data-olk-copy-source=\"MessageBody\">Hermosillo, Sonora; 24 de mayo, 2025.-<\/b>\u00a0Con el concierto de \u00f3pera \u201cDe Espa\u00f1a Vengo, Coplas y Romanzas\u201d con el tenor Anton Palacios, la soprano Laura Figueroa, el bar\u00edtono Luis Gerardo Sosa y el pianista H\u00e9ctor Acosta, abri\u00f3 su presentaci\u00f3n en la Escuela de M\u00fasica de la Universidad de Sonora en las Fiestas del Pitic 2025.<\/p>\n<p aria-hidden=\"true\">\n<p>Personas de todas las edades se dieron cita para disfrutar del repertorio con piezas musicales como Por qu\u00e9 mis ojos\u2026 \u2013 La revoltosa de Ruperto Chap\u00ed; Paxarin t\u00fa que vuelas \u2013 La p\u00edcara molinera de Pablo Luna; En un pa\u00eds de f\u00e1bula \u2013 La tabernera del puerto de Pablo Soroz\u00e1bal; Los cantos alegres \u2013 La del soto del parral de Soutullo y Vert; Quien es uste\u2019 \u2013 La del manojo de rosas de Pablo Soroz\u00e1bal; De Espa\u00f1a vengo \u2013 El ni\u00f1o jud\u00edo de Pablo Luna; y De este apacible rinc\u00f3n de Madrid \u2013 Luisa Fernanda de Federico Torroba.<\/p>\n<p aria-hidden=\"true\">\n<p>Tambi\u00e9n interpretaron los temas En mi tierra extreme\u00f1a \u2013 Luisa Fernanda de Federico Torroba; C\u00e1llate coraz\u00f3n \u2013 Luisa Fernanda de Federico Torroba; Amor vida de mi vida \u2013 Maravilla de Federico Torroba; Torero quiero ser\u2013 El gato mont\u00e9s de Manuel Penella; y Me llaman la presumida &#8211; Me llaman la presumida de Francisco Alonso.<\/p>\n<p>El maestro H\u00e9ctor Acosta explic\u00f3 que se trata de una gala de zarzuelas, que es un recorrido muy interesante y divertido, incluso tiene cosas c\u00f3micas y dram\u00e1ticas y lleva al p\u00fablico por diferentes emociones.<\/p>\n<p aria-hidden=\"true\">\n<p>Mencion\u00f3 que tanto el tenor, la soprano y el bar\u00edtono son alumnos de la Universidad de Sonora, pero que Gerardo Sosa estudia Contabilidad y Administraci\u00f3n, pero ya trae mucha instrucci\u00f3n vocal, por lo cual han estado haciendo equipo con \u00e9l.<\/p>\n<p aria-hidden=\"true\">\n<p>El tenor Anton Palacios Gracia manifest\u00f3 estar muy contento y emocionado por llegar a darlo todo en el escenario que fue Palacio de Gobierno, adem\u00e1s de un poco nervioso, aunque ya ha participado en las Fiestas del Pitic en cuatro ocasiones.<\/p>\n<p aria-hidden=\"true\">\n<p>En el Foro del Palacio de Gobierno tambi\u00e9n fue la presentaci\u00f3n del libro Canto a Sonora. Vida y obra del compositor Jos\u00e9 Sosa Ch\u00e1vez, del autor Cristian Salvador Islas Miranda; y el concierto Las Pasiones del alma, entre la Esperanza y el Temor, por la soprano Cynthia S\u00e1nchez, con la orquesta barroca Antiqva Metr\u00f3poli.<\/p>\n<p aria-hidden=\"true\">\n<p>Este s\u00e1bado se presentar\u00e1 Desde Las Am\u00e9ricas: El Fagot 2+; y el concierto Un hombre, una orquesta, de Rivadeneyra; el domingo para el cierre del foro estar\u00e1 De Europa a Latinoam\u00e9rica, del Quinteto de Alientos y solistas de Sonora; as\u00ed como el Tributo al Rey del Bolero, con el tenor Iv\u00e1n Torrescano y el pianista Luis Carlos Romo.<\/p>\n<p aria-hidden=\"true\">\n","protected":false},"excerpt":{"rendered":"<p>Hermosillo, Sonora; 24 de mayo, 2025.-\u00a0Con el concierto de \u00f3pera \u201cDe Espa\u00f1a Vengo, Coplas y Romanzas\u201d con el tenor Anton Palacios, la soprano Laura Figueroa, el bar\u00edtono Luis Gerardo Sosa y el pianista H\u00e9ctor Acosta, abri\u00f3 su presentaci\u00f3n en la Escuela de M\u00fasica de la Universidad de Sonora en las Fiestas del Pitic 2025. Personas [&hellip;]<\/p>\n","protected":false},"author":2,"featured_media":219537,"comment_status":"closed","ping_status":"closed","sticky":false,"template":"","format":"standard","meta":{"footnotes":""},"categories":[12870,178],"tags":[12865,12869],"class_list":["post-219536","post","type-post","status-publish","format-standard","has-post-thumbnail","hentry","category-destacadas","category-local","tag-destacadas","tag-local"],"jetpack_featured_media_url":"https:\/\/rnoticias.com.mx\/Portal\/wp-content\/uploads\/2025\/05\/Ofrecen-concierto-de-opera-alumnos-de-la-Unison-en-Fiesta-del-Pitic-20253-scaled.jpg","amp_enabled":true,"_links":{"self":[{"href":"https:\/\/rnoticias.com.mx\/Portal\/wp-json\/wp\/v2\/posts\/219536","targetHints":{"allow":["GET"]}}],"collection":[{"href":"https:\/\/rnoticias.com.mx\/Portal\/wp-json\/wp\/v2\/posts"}],"about":[{"href":"https:\/\/rnoticias.com.mx\/Portal\/wp-json\/wp\/v2\/types\/post"}],"author":[{"embeddable":true,"href":"https:\/\/rnoticias.com.mx\/Portal\/wp-json\/wp\/v2\/users\/2"}],"replies":[{"embeddable":true,"href":"https:\/\/rnoticias.com.mx\/Portal\/wp-json\/wp\/v2\/comments?post=219536"}],"version-history":[{"count":1,"href":"https:\/\/rnoticias.com.mx\/Portal\/wp-json\/wp\/v2\/posts\/219536\/revisions"}],"predecessor-version":[{"id":219538,"href":"https:\/\/rnoticias.com.mx\/Portal\/wp-json\/wp\/v2\/posts\/219536\/revisions\/219538"}],"wp:featuredmedia":[{"embeddable":true,"href":"https:\/\/rnoticias.com.mx\/Portal\/wp-json\/wp\/v2\/media\/219537"}],"wp:attachment":[{"href":"https:\/\/rnoticias.com.mx\/Portal\/wp-json\/wp\/v2\/media?parent=219536"}],"wp:term":[{"taxonomy":"category","embeddable":true,"href":"https:\/\/rnoticias.com.mx\/Portal\/wp-json\/wp\/v2\/categories?post=219536"},{"taxonomy":"post_tag","embeddable":true,"href":"https:\/\/rnoticias.com.mx\/Portal\/wp-json\/wp\/v2\/tags?post=219536"}],"curies":[{"name":"wp","href":"https:\/\/api.w.org\/{rel}","templated":true}]}}