{"id":219533,"date":"2025-05-24T15:01:35","date_gmt":"2025-05-24T22:01:35","guid":{"rendered":"https:\/\/rnoticias.com.mx\/Portal\/?p=219533"},"modified":"2025-05-24T15:01:35","modified_gmt":"2025-05-24T22:01:35","slug":"crecen-negocios-y-empleos-en-sonora-gracias-al-liderazgo-economico-del-gobernador-durazo","status":"publish","type":"post","link":"https:\/\/rnoticias.com.mx\/Portal\/2025\/05\/24\/crecen-negocios-y-empleos-en-sonora-gracias-al-liderazgo-economico-del-gobernador-durazo\/","title":{"rendered":"Crecen negocios y empleos en Sonora gracias al liderazgo econ\u00f3mico del Gobernador Durazo"},"content":{"rendered":"<p>Hermosillo, Sonora; 24 de mayo de 2025.- Con el objetivo de fortalecer el dinamismo econ\u00f3mico en el estado, el gobernador Alfonso Durazo Monta\u00f1o impulsa acciones y pol\u00edticas p\u00fablicas que promueven el crecimiento del consumo interno y el desarrollo de los peque\u00f1os negocios en Sonora.<\/p>\n<p>El mandatario estatal indic\u00f3 que, de acuerdo con el Instituto Nacional de Estad\u00edstica y Geograf\u00eda (INEGI), en marzo de 2025 las ventas del comercio minorista en la entidad crecieron 3.4 por ciento a tasa anual, acompa\u00f1adas de un incremento del 0.9 por ciento en el empleo y una mejora en los salarios reales, lo que refleja una recuperaci\u00f3n sostenida de la econom\u00eda local.<\/p>\n<p>\u201cUno de los pilares de esta recuperaci\u00f3n ha sido el trabajo de la Financiera para el Desarrollo Econ\u00f3mico de Sonora (Fideson), que ha fortalecido su estrategia de financiamiento accesible a emprendedores, micro y peque\u00f1as empresas\u201d, enfatiz\u00f3.<\/p>\n<p>Durazo Monta\u00f1o subray\u00f3 que, a trav\u00e9s de programas de cr\u00e9dito con tasas preferenciales, Fideson ha contribuido a que cientos de negocios consoliden su operaci\u00f3n, ampl\u00eden su capacidad productiva y generen nuevos empleos.<\/p>\n<p>Durante los primeros meses de 2025, Fideson ha colocado cr\u00e9ditos por m\u00e1s de tres millones de pesos, dirigidos principalmente a mujeres emprendedoras, j\u00f3venes y negocios familiares en zonas rurales y urbanas. Asimismo, ha reforzado sus esquemas de capacitaci\u00f3n financiera y acompa\u00f1amiento t\u00e9cnico, con el fin de que las y los beneficiarios cuenten con herramientas para sostener y hacer crecer sus proyectos.<\/p>\n<p>Con estas acciones, el Gobierno de Sonora reafirma su compromiso con un desarrollo econ\u00f3mico incluyente y con el fortalecimiento del mercado interno como plataforma para el bienestar de las familias sonorenses.<\/p>\n","protected":false},"excerpt":{"rendered":"<p>Hermosillo, Sonora; 24 de mayo de 2025.- Con el objetivo de fortalecer el dinamismo econ\u00f3mico en el estado, el gobernador Alfonso Durazo Monta\u00f1o impulsa acciones y pol\u00edticas p\u00fablicas que promueven el crecimiento del consumo interno y el desarrollo de los peque\u00f1os negocios en Sonora. El mandatario estatal indic\u00f3 que, de acuerdo con el Instituto Nacional [&hellip;]<\/p>\n","protected":false},"author":2,"featured_media":219534,"comment_status":"closed","ping_status":"closed","sticky":false,"template":"","format":"standard","meta":{"footnotes":""},"categories":[12870,178],"tags":[12865,12869],"class_list":["post-219533","post","type-post","status-publish","format-standard","has-post-thumbnail","hentry","category-destacadas","category-local","tag-destacadas","tag-local"],"jetpack_featured_media_url":"https:\/\/rnoticias.com.mx\/Portal\/wp-content\/uploads\/2025\/05\/8a91c32a-0996-46d7-a53a-92432a5996e1.jpg","amp_enabled":true,"_links":{"self":[{"href":"https:\/\/rnoticias.com.mx\/Portal\/wp-json\/wp\/v2\/posts\/219533","targetHints":{"allow":["GET"]}}],"collection":[{"href":"https:\/\/rnoticias.com.mx\/Portal\/wp-json\/wp\/v2\/posts"}],"about":[{"href":"https:\/\/rnoticias.com.mx\/Portal\/wp-json\/wp\/v2\/types\/post"}],"author":[{"embeddable":true,"href":"https:\/\/rnoticias.com.mx\/Portal\/wp-json\/wp\/v2\/users\/2"}],"replies":[{"embeddable":true,"href":"https:\/\/rnoticias.com.mx\/Portal\/wp-json\/wp\/v2\/comments?post=219533"}],"version-history":[{"count":1,"href":"https:\/\/rnoticias.com.mx\/Portal\/wp-json\/wp\/v2\/posts\/219533\/revisions"}],"predecessor-version":[{"id":219535,"href":"https:\/\/rnoticias.com.mx\/Portal\/wp-json\/wp\/v2\/posts\/219533\/revisions\/219535"}],"wp:featuredmedia":[{"embeddable":true,"href":"https:\/\/rnoticias.com.mx\/Portal\/wp-json\/wp\/v2\/media\/219534"}],"wp:attachment":[{"href":"https:\/\/rnoticias.com.mx\/Portal\/wp-json\/wp\/v2\/media?parent=219533"}],"wp:term":[{"taxonomy":"category","embeddable":true,"href":"https:\/\/rnoticias.com.mx\/Portal\/wp-json\/wp\/v2\/categories?post=219533"},{"taxonomy":"post_tag","embeddable":true,"href":"https:\/\/rnoticias.com.mx\/Portal\/wp-json\/wp\/v2\/tags?post=219533"}],"curies":[{"name":"wp","href":"https:\/\/api.w.org\/{rel}","templated":true}]}}