{"id":219527,"date":"2025-05-24T14:17:34","date_gmt":"2025-05-24T21:17:34","guid":{"rendered":"https:\/\/rnoticias.com.mx\/Portal\/?p=219527"},"modified":"2025-05-24T14:17:34","modified_gmt":"2025-05-24T21:17:34","slug":"sentencian-a-34-anos-de-prision-a-el-eco-por-desaparicion-cometida-por-particulares-en-hermosillo","status":"publish","type":"post","link":"https:\/\/rnoticias.com.mx\/Portal\/2025\/05\/24\/sentencian-a-34-anos-de-prision-a-el-eco-por-desaparicion-cometida-por-particulares-en-hermosillo\/","title":{"rendered":"Sentencian a 34 a\u00f1os de prisi\u00f3n a \u201cEl Eco\u201d por desaparici\u00f3n cometida por particulares en Hermosillo"},"content":{"rendered":"<p>Hermosillo, Sonora, a 24 de mayo de 2025.- La Fiscal\u00eda General de Justicia del Estado de Sonora (FGJES) obtuvo en Hermosillo fallo condenatorio de 34 a\u00f1os de prisi\u00f3n en contra de H\u00e9ctor Manuel \u201cN\u201d, alias \u201cEl Eco\u201d, de 33 a\u00f1os, al acreditarse su plena responsabilidad en la comisi\u00f3n de los delitos de desaparici\u00f3n cometida por particulares y asociaci\u00f3n delictuosa.<\/p>\n<p>Los hechos acreditados se registraron el 19 de septiembre de 2022, cuando el sentenciado, junto con otras personas y actuando de manera organizada, arrib\u00f3 a un domicilio ubicado en la colonia Norberto Ortega, a bordo de varios veh\u00edculos y portando armas de fuego.<\/p>\n<p>Al ingresar al inmueble, H\u00e9ctor Manuel \u201cN\u201d y sus c\u00f3mplices privaron de la libertad a Jos\u00e9 Guadalupe \u201cN\u201d, de 46 a\u00f1os, a quien obligaron con violencia a abordar uno de los veh\u00edculos, con la finalidad de ocultar su paradero; la v\u00edctima contin\u00faa en calidad de desaparecida.<\/p>\n<p>La detenci\u00f3n del hoy sentenciado fue resultado de trabajos coordinados de investigaci\u00f3n criminal e inteligencia operativa, as\u00ed como del seguimiento legal puntual por parte del Ministerio P\u00fablico, que logr\u00f3 la judicializaci\u00f3n del caso y el desarrollo de un juicio oral en el que se acredit\u00f3 su culpabilidad.<\/p>\n<p>Durante la audiencia de individualizaci\u00f3n de sanciones, el Juez impuso una pena privativa de libertad de 34 a\u00f1os, al considerar la gravedad de los hechos, la participaci\u00f3n activa del imputado y el impacto irreparable a los derechos fundamentales de la v\u00edctima y su familia.<\/p>\n<p>La Fiscal\u00eda General de Justicia del Estado de Sonora mantiene firme su compromiso institucional con la verdad, la justicia y la no impunidad en los delitos de alto impacto, y continuar\u00e1 con acciones decididas en la b\u00fasqueda de personas desaparecidas y en la persecuci\u00f3n penal de quienes cometan estos cr\u00edmenes.<\/p>\n","protected":false},"excerpt":{"rendered":"<p>Hermosillo, Sonora, a 24 de mayo de 2025.- La Fiscal\u00eda General de Justicia del Estado de Sonora (FGJES) obtuvo en Hermosillo fallo condenatorio de 34 a\u00f1os de prisi\u00f3n en contra de H\u00e9ctor Manuel \u201cN\u201d, alias \u201cEl Eco\u201d, de 33 a\u00f1os, al acreditarse su plena responsabilidad en la comisi\u00f3n de los delitos de desaparici\u00f3n cometida por [&hellip;]<\/p>\n","protected":false},"author":2,"featured_media":219528,"comment_status":"closed","ping_status":"closed","sticky":false,"template":"","format":"standard","meta":{"footnotes":""},"categories":[12870,178],"tags":[12865,12869],"class_list":["post-219527","post","type-post","status-publish","format-standard","has-post-thumbnail","hentry","category-destacadas","category-local","tag-destacadas","tag-local"],"jetpack_featured_media_url":"https:\/\/rnoticias.com.mx\/Portal\/wp-content\/uploads\/2025\/05\/3bfc31f2-a88d-4bc3-90d3-4c2ba7cd765a.jpg","amp_enabled":true,"_links":{"self":[{"href":"https:\/\/rnoticias.com.mx\/Portal\/wp-json\/wp\/v2\/posts\/219527","targetHints":{"allow":["GET"]}}],"collection":[{"href":"https:\/\/rnoticias.com.mx\/Portal\/wp-json\/wp\/v2\/posts"}],"about":[{"href":"https:\/\/rnoticias.com.mx\/Portal\/wp-json\/wp\/v2\/types\/post"}],"author":[{"embeddable":true,"href":"https:\/\/rnoticias.com.mx\/Portal\/wp-json\/wp\/v2\/users\/2"}],"replies":[{"embeddable":true,"href":"https:\/\/rnoticias.com.mx\/Portal\/wp-json\/wp\/v2\/comments?post=219527"}],"version-history":[{"count":1,"href":"https:\/\/rnoticias.com.mx\/Portal\/wp-json\/wp\/v2\/posts\/219527\/revisions"}],"predecessor-version":[{"id":219529,"href":"https:\/\/rnoticias.com.mx\/Portal\/wp-json\/wp\/v2\/posts\/219527\/revisions\/219529"}],"wp:featuredmedia":[{"embeddable":true,"href":"https:\/\/rnoticias.com.mx\/Portal\/wp-json\/wp\/v2\/media\/219528"}],"wp:attachment":[{"href":"https:\/\/rnoticias.com.mx\/Portal\/wp-json\/wp\/v2\/media?parent=219527"}],"wp:term":[{"taxonomy":"category","embeddable":true,"href":"https:\/\/rnoticias.com.mx\/Portal\/wp-json\/wp\/v2\/categories?post=219527"},{"taxonomy":"post_tag","embeddable":true,"href":"https:\/\/rnoticias.com.mx\/Portal\/wp-json\/wp\/v2\/tags?post=219527"}],"curies":[{"name":"wp","href":"https:\/\/api.w.org\/{rel}","templated":true}]}}