{"id":219524,"date":"2025-05-24T13:55:29","date_gmt":"2025-05-24T20:55:29","guid":{"rendered":"https:\/\/rnoticias.com.mx\/Portal\/?p=219524"},"modified":"2025-05-24T13:55:29","modified_gmt":"2025-05-24T20:55:29","slug":"conmueve-jauria-al-publico-en-las-fiestas-del-pitic-con-una-mirada-a-la-vida-animal-y-humana","status":"publish","type":"post","link":"https:\/\/rnoticias.com.mx\/Portal\/2025\/05\/24\/conmueve-jauria-al-publico-en-las-fiestas-del-pitic-con-una-mirada-a-la-vida-animal-y-humana\/","title":{"rendered":"Conmueve &#8220;Jaur\u00eda&#8221; al p\u00fablico en las Fiestas del Pitic con una mirada a la vida animal y humana"},"content":{"rendered":"<p><b data-olk-copy-source=\"MessageBody\">Hermosillo, Sonora, 24 de mayo, 2025.-<\/b>Con una puesta en escena que invita a los asistentes a mirar la vida desde la perspectiva de un perro, se llev\u00f3 a cabo &#8220;Jaur\u00eda&#8221; que combin\u00f3 danza, ritmo y exploraci\u00f3n corporal en el marco del programa de las Fiestas del Pitic.<\/p>\n<p aria-hidden=\"true\">\n<p>La obra a cargo de la Compa\u00f1\u00eda Abemvs Teatro que se suma a la celebraci\u00f3n del 325 aniversario de Hermosillo, dej\u00f3 una profunda impresi\u00f3n entre el p\u00fablico al presentarse como una de las propuestas esc\u00e9nicas m\u00e1s simb\u00f3licas y emotivas del programa cultural.<\/p>\n<p aria-hidden=\"true\">\n<p>Durante 50 minutos asistentes pudieron reflexionar la vida desde la perspectiva de un perro como perseguir un zapato, pelear por sobrevivir, jugar, amar, anhelar un hogar o simplemente resistir, acciones que se pueden asemejar a la vida humana y sus propias luchas.<\/p>\n<p aria-hidden=\"true\">\n<p>En ese sentido, obras como &#8220;Jaur\u00eda&#8221; recordaron que el arte tiene la capacidad de ponernos frente al espejo, de sacudirnos y de recordarnos que la libertad, ya sea humana o animal, siempre tiene un precio.<\/p>\n<p aria-hidden=\"true\">\n<p>La puesta en escena se llev\u00f3 a cabo en las instalaciones de Andamios Teatro ubicado en el coraz\u00f3n del Centro Hist\u00f3rico de Hermosillo a los pies del Cerro de la Campana, lugar donde la agrupaci\u00f3n ha consolidado su espacio como un referente cultural en la capital sonorense.<\/p>\n<p aria-hidden=\"true\">\n<p>Las Fiestal del PItic continuar\u00e1n con m\u00e1s puestas en escena en Andamios Teatro el s\u00e1bado 24 de mayo como &#8220;Tic Tac&#8221;, coreograf\u00eda de Germ\u00e1n Navarro a las 6:00 pm; &#8220;Los Entremeses&#8221;, de Grupo Caja Negra Teatro a las 10:00 pm;\u00a0 y el domingo 25 de mayo &#8220;Gordita&#8221;, de Andamios Teatro; y &#8220;Coatlicue 2.0&#8221; de Ixinti-Arte en Comunidad.<\/p>\n<p aria-hidden=\"true\">\n<p>El Ayuntamiento de Hermosillo reafirm\u00f3 con este tipo de expresiones art\u00edsticas su compromiso con las artes esc\u00e9nicas, reconoci\u00e9ndolas como un veh\u00edculo indispensable para la reflexi\u00f3n, la cr\u00edtica social y el encuentro colectivo en el marco de las Fiestas del Pitic: Movimiento que Transforma.<\/p>\n<p aria-hidden=\"true\">\n","protected":false},"excerpt":{"rendered":"<p>Hermosillo, Sonora, 24 de mayo, 2025.-Con una puesta en escena que invita a los asistentes a mirar la vida desde la perspectiva de un perro, se llev\u00f3 a cabo &#8220;Jaur\u00eda&#8221; que combin\u00f3 danza, ritmo y exploraci\u00f3n corporal en el marco del programa de las Fiestas del Pitic. La obra a cargo de la Compa\u00f1\u00eda Abemvs [&hellip;]<\/p>\n","protected":false},"author":2,"featured_media":219525,"comment_status":"closed","ping_status":"closed","sticky":false,"template":"","format":"standard","meta":{"footnotes":""},"categories":[12870,178],"tags":[12865,12869],"class_list":["post-219524","post","type-post","status-publish","format-standard","has-post-thumbnail","hentry","category-destacadas","category-local","tag-destacadas","tag-local"],"jetpack_featured_media_url":"https:\/\/rnoticias.com.mx\/Portal\/wp-content\/uploads\/2025\/05\/JAURIA7-scaled.jpg","amp_enabled":true,"_links":{"self":[{"href":"https:\/\/rnoticias.com.mx\/Portal\/wp-json\/wp\/v2\/posts\/219524","targetHints":{"allow":["GET"]}}],"collection":[{"href":"https:\/\/rnoticias.com.mx\/Portal\/wp-json\/wp\/v2\/posts"}],"about":[{"href":"https:\/\/rnoticias.com.mx\/Portal\/wp-json\/wp\/v2\/types\/post"}],"author":[{"embeddable":true,"href":"https:\/\/rnoticias.com.mx\/Portal\/wp-json\/wp\/v2\/users\/2"}],"replies":[{"embeddable":true,"href":"https:\/\/rnoticias.com.mx\/Portal\/wp-json\/wp\/v2\/comments?post=219524"}],"version-history":[{"count":1,"href":"https:\/\/rnoticias.com.mx\/Portal\/wp-json\/wp\/v2\/posts\/219524\/revisions"}],"predecessor-version":[{"id":219526,"href":"https:\/\/rnoticias.com.mx\/Portal\/wp-json\/wp\/v2\/posts\/219524\/revisions\/219526"}],"wp:featuredmedia":[{"embeddable":true,"href":"https:\/\/rnoticias.com.mx\/Portal\/wp-json\/wp\/v2\/media\/219525"}],"wp:attachment":[{"href":"https:\/\/rnoticias.com.mx\/Portal\/wp-json\/wp\/v2\/media?parent=219524"}],"wp:term":[{"taxonomy":"category","embeddable":true,"href":"https:\/\/rnoticias.com.mx\/Portal\/wp-json\/wp\/v2\/categories?post=219524"},{"taxonomy":"post_tag","embeddable":true,"href":"https:\/\/rnoticias.com.mx\/Portal\/wp-json\/wp\/v2\/tags?post=219524"}],"curies":[{"name":"wp","href":"https:\/\/api.w.org\/{rel}","templated":true}]}}