{"id":219482,"date":"2025-05-24T09:00:51","date_gmt":"2025-05-24T16:00:51","guid":{"rendered":"https:\/\/rnoticias.com.mx\/Portal\/?p=219482"},"modified":"2025-05-24T09:00:51","modified_gmt":"2025-05-24T16:00:51","slug":"impulsan-participacion-ciudadana-con-capacitacion-conoce-como-votar","status":"publish","type":"post","link":"https:\/\/rnoticias.com.mx\/Portal\/2025\/05\/24\/impulsan-participacion-ciudadana-con-capacitacion-conoce-como-votar\/","title":{"rendered":"Impulsan participaci\u00f3n ciudadana con capacitaci\u00f3n &#8220;Conoce c\u00f3mo votar&#8221;"},"content":{"rendered":"<p>En el marco del proceso electoral extraordinario para la elecci\u00f3n de diversos cargos del Poder Judicial, el Instituto Tecnol\u00f3gico de Sonora (ITSON), en coordinaci\u00f3n con la 06 Junta Distrital del Instituto Nacional Electoral (INE), llev\u00f3 a cabo este viernes 23 de mayo, la capacitaci\u00f3n \u201cConoce c\u00f3mo votar\u201d en los campus universitarios de la Unidad Obreg\u00f3n.<\/p>\n<p>El objetivo de esta jornada fue brindar a la comunidad universitaria informaci\u00f3n clara y precisa sobre c\u00f3mo ejercer su derecho al voto de manera informada, responsable y consciente, en una elecci\u00f3n in\u00e9dita a nivel nacional.<\/p>\n<p>&nbsp;<\/p>\n<p>Durante el evento, el Dr. Jes\u00fas H\u00e9ctor Hern\u00e1ndez L\u00f3pez, Rector del ITSON, destac\u00f3 que este proceso electoral que se vivir\u00e1 el 1 de junio, es in\u00e9dito en la historia democr\u00e1tica del pa\u00eds, al elegir por primera vez a personas juzgadoras, un proceso que convoca a actuar con responsabilidad, a estar informados y a participar activamente comprometidos con el pa\u00eds que anhelamos construir.<\/p>\n<p>&nbsp;<\/p>\n<p>En este sentido, subray\u00f3 que, desde la Universidad, como formadores de personas, se tiene el compromiso de promover la objetividad, imparcialidad y equidad en este proceso de elecci\u00f3n tan importante para el pa\u00eds.<\/p>\n<p>&nbsp;<\/p>\n<p>\u201cComo ciudadanos nos debe interesar estar enterados de lo que va a suceder el 1 de junio y como va a suceder, porque si hay una gran responsabilidad de las personas, de nosotros como ciudadanos, para emitir un voto que sea muy responsable\u201d, expres\u00f3 el Rector.<\/p>\n<p>&nbsp;<\/p>\n<p>Por parte del INE, la Lic. Noeli Lizbeth Zamudio Olivares, Vocal Ejecutiva de la 06 Junta Distrital Ejecutiva, resalt\u00f3 la importancia de este tipo de acercamientos, ya que uno de los principales objetivos del INE es promover el voto y la vinculaci\u00f3n con la ciudadan\u00eda para invitarla a formar parte de estos procesos democr\u00e1ticos.<\/p>\n<p>&nbsp;<\/p>\n<p>As\u00ed mismo, explic\u00f3 a la comunidad universitaria las caracter\u00edsticas del proceso y las herramientas disponibles para facilitar c\u00f3mo votar correctamente en un proceso que tiene particularidades \u00fanicas. Por ejemplo, en una sola boleta podr\u00e1n emitir hasta nueve votos distintos. Por ello, es fundamental conocer las herramientas disponibles, como la plataforma \u201cCon\u00f3celes\u201d para conocer a candidatas y candidatos, el simulador de voto y la aplicaci\u00f3n \u201cUbica tu casilla\u201d.<\/p>\n<p>&nbsp;<\/p>\n<p>Zamudio Olivares tambi\u00e9n enfatiz\u00f3 la importancia de involucrar a las y los j\u00f3venes, especialmente a quienes ejercer\u00e1n su derecho al voto por primera vez, \u201ces importante vincularnos con las y los estudiantes, invitarlos a participar y que ellas y ellos conozcan los distintos mecanismos, sistemas y herramientas que el Instituto Nacional Electoral pone a su alcance para que conozcan a las personas candidatas, practiquen el voto y ubiquen las casillas al d\u00eda de la jornada electoral\u201d.<\/p>\n<p>&nbsp;<\/p>\n<p>La capacitaci\u00f3n se llev\u00f3 a cabo en el Aula Magna del Campus Centro y en el Aula Magna Club de Leones del Campus N\u00e1inari, con la participaci\u00f3n de autoridades electorales, estudiantes, docentes y personal administrativo de diferentes \u00e1reas de la Instituci\u00f3n.<\/p>\n<p>&nbsp;<\/p>\n<p>La capacitaci\u00f3n cont\u00f3 tambi\u00e9n con la participaci\u00f3n de la Lic. Jes\u00fas Montes Alonso, Vocal de Organizaci\u00f3n Electoral de la 06 Junta Distrital Ejecutiva, quien present\u00f3 los detalles t\u00e9cnicos del proceso de votaci\u00f3n del pr\u00f3ximo 1 de junio.<\/p>\n","protected":false},"excerpt":{"rendered":"<p>En el marco del proceso electoral extraordinario para la elecci\u00f3n de diversos cargos del Poder Judicial, el Instituto Tecnol\u00f3gico de Sonora (ITSON), en coordinaci\u00f3n con la 06 Junta Distrital del Instituto Nacional Electoral (INE), llev\u00f3 a cabo este viernes 23 de mayo, la capacitaci\u00f3n \u201cConoce c\u00f3mo votar\u201d en los campus universitarios de la Unidad Obreg\u00f3n. [&hellip;]<\/p>\n","protected":false},"author":2,"featured_media":219483,"comment_status":"closed","ping_status":"closed","sticky":false,"template":"","format":"standard","meta":{"footnotes":""},"categories":[12870,174],"tags":[12865,12873],"class_list":["post-219482","post","type-post","status-publish","format-standard","has-post-thumbnail","hentry","category-destacadas","category-estatal","tag-destacadas","tag-estatal"],"jetpack_featured_media_url":"https:\/\/rnoticias.com.mx\/Portal\/wp-content\/uploads\/2025\/05\/WhatsApp-Image-2025-05-23-at-5.59.08-PM.jpeg","amp_enabled":true,"_links":{"self":[{"href":"https:\/\/rnoticias.com.mx\/Portal\/wp-json\/wp\/v2\/posts\/219482","targetHints":{"allow":["GET"]}}],"collection":[{"href":"https:\/\/rnoticias.com.mx\/Portal\/wp-json\/wp\/v2\/posts"}],"about":[{"href":"https:\/\/rnoticias.com.mx\/Portal\/wp-json\/wp\/v2\/types\/post"}],"author":[{"embeddable":true,"href":"https:\/\/rnoticias.com.mx\/Portal\/wp-json\/wp\/v2\/users\/2"}],"replies":[{"embeddable":true,"href":"https:\/\/rnoticias.com.mx\/Portal\/wp-json\/wp\/v2\/comments?post=219482"}],"version-history":[{"count":1,"href":"https:\/\/rnoticias.com.mx\/Portal\/wp-json\/wp\/v2\/posts\/219482\/revisions"}],"predecessor-version":[{"id":219484,"href":"https:\/\/rnoticias.com.mx\/Portal\/wp-json\/wp\/v2\/posts\/219482\/revisions\/219484"}],"wp:featuredmedia":[{"embeddable":true,"href":"https:\/\/rnoticias.com.mx\/Portal\/wp-json\/wp\/v2\/media\/219483"}],"wp:attachment":[{"href":"https:\/\/rnoticias.com.mx\/Portal\/wp-json\/wp\/v2\/media?parent=219482"}],"wp:term":[{"taxonomy":"category","embeddable":true,"href":"https:\/\/rnoticias.com.mx\/Portal\/wp-json\/wp\/v2\/categories?post=219482"},{"taxonomy":"post_tag","embeddable":true,"href":"https:\/\/rnoticias.com.mx\/Portal\/wp-json\/wp\/v2\/tags?post=219482"}],"curies":[{"name":"wp","href":"https:\/\/api.w.org\/{rel}","templated":true}]}}