{"id":219479,"date":"2025-05-24T08:58:08","date_gmt":"2025-05-24T15:58:08","guid":{"rendered":"https:\/\/rnoticias.com.mx\/Portal\/?p=219479"},"modified":"2025-05-24T08:58:08","modified_gmt":"2025-05-24T15:58:08","slug":"despliega-fgjes-y-gabinete-de-seguridad-operativo-tras-enfrentamiento-con-elementos-de-la-amic-en-hermosillo","status":"publish","type":"post","link":"https:\/\/rnoticias.com.mx\/Portal\/2025\/05\/24\/despliega-fgjes-y-gabinete-de-seguridad-operativo-tras-enfrentamiento-con-elementos-de-la-amic-en-hermosillo\/","title":{"rendered":"Despliega FGJES y Gabinete de Seguridad operativo tras enfrentamiento con elementos de la AMIC en Hermosillo"},"content":{"rendered":"<p>Hermosillo, Sonora, 23 de mayo de 2025.\u2013 Tras realizar labores de investigaci\u00f3n relacionadas a la actividad de narcomenudeo, el elemento de la Agencia Ministerial de Investigaci\u00f3n Criminal (AMIC), Julio C\u00e9sar Contreras Arroyo, fue agredido por armas de fuego y lamentablemente perdi\u00f3 la vida.<\/p>\n<p>Durante el enfrentamiento, uno de los agresores, identificado como Francisco Daniel \u201cN\u201d, de 36 a\u00f1os, fue neutralizado en el sitio.<\/p>\n<p>El hecho se suscit\u00f3 aproximadamente a las 14:35 horas de hoy 23 de mayo en la invasi\u00f3n Tres Reynas en Hermosillo.<\/p>\n<p>Las autoridades del gabinete de seguridad del estado ha desplegado un operativo para la localizaci\u00f3n de los agresores, quienes ya est\u00e1n identificados y se encuentran relacionados en carpetas de investigaci\u00f3n por homicidio y otras actividades criminales.<\/p>\n<p>La Fiscal\u00eda General de Justicia del Estado de Sonora (FGJES) honra la memoria del agente ca\u00eddo y se solidariza con su familia. Adem\u00e1s reitera su compromiso institucional con la justicia, la seguridad de la ciudadan\u00eda y el combate frontal a los generadores de violencia.<\/p>\n","protected":false},"excerpt":{"rendered":"<p>Hermosillo, Sonora, 23 de mayo de 2025.\u2013 Tras realizar labores de investigaci\u00f3n relacionadas a la actividad de narcomenudeo, el elemento de la Agencia Ministerial de Investigaci\u00f3n Criminal (AMIC), Julio C\u00e9sar Contreras Arroyo, fue agredido por armas de fuego y lamentablemente perdi\u00f3 la vida. Durante el enfrentamiento, uno de los agresores, identificado como Francisco Daniel \u201cN\u201d, [&hellip;]<\/p>\n","protected":false},"author":2,"featured_media":219480,"comment_status":"closed","ping_status":"closed","sticky":false,"template":"","format":"standard","meta":{"footnotes":""},"categories":[12870,178],"tags":[12865,12869],"class_list":["post-219479","post","type-post","status-publish","format-standard","has-post-thumbnail","hentry","category-destacadas","category-local","tag-destacadas","tag-local"],"jetpack_featured_media_url":"https:\/\/rnoticias.com.mx\/Portal\/wp-content\/uploads\/2025\/05\/92cb28b4-fc43-4e96-928f-db5d86ab276e.jpg","amp_enabled":true,"_links":{"self":[{"href":"https:\/\/rnoticias.com.mx\/Portal\/wp-json\/wp\/v2\/posts\/219479","targetHints":{"allow":["GET"]}}],"collection":[{"href":"https:\/\/rnoticias.com.mx\/Portal\/wp-json\/wp\/v2\/posts"}],"about":[{"href":"https:\/\/rnoticias.com.mx\/Portal\/wp-json\/wp\/v2\/types\/post"}],"author":[{"embeddable":true,"href":"https:\/\/rnoticias.com.mx\/Portal\/wp-json\/wp\/v2\/users\/2"}],"replies":[{"embeddable":true,"href":"https:\/\/rnoticias.com.mx\/Portal\/wp-json\/wp\/v2\/comments?post=219479"}],"version-history":[{"count":1,"href":"https:\/\/rnoticias.com.mx\/Portal\/wp-json\/wp\/v2\/posts\/219479\/revisions"}],"predecessor-version":[{"id":219481,"href":"https:\/\/rnoticias.com.mx\/Portal\/wp-json\/wp\/v2\/posts\/219479\/revisions\/219481"}],"wp:featuredmedia":[{"embeddable":true,"href":"https:\/\/rnoticias.com.mx\/Portal\/wp-json\/wp\/v2\/media\/219480"}],"wp:attachment":[{"href":"https:\/\/rnoticias.com.mx\/Portal\/wp-json\/wp\/v2\/media?parent=219479"}],"wp:term":[{"taxonomy":"category","embeddable":true,"href":"https:\/\/rnoticias.com.mx\/Portal\/wp-json\/wp\/v2\/categories?post=219479"},{"taxonomy":"post_tag","embeddable":true,"href":"https:\/\/rnoticias.com.mx\/Portal\/wp-json\/wp\/v2\/tags?post=219479"}],"curies":[{"name":"wp","href":"https:\/\/api.w.org\/{rel}","templated":true}]}}