{"id":219476,"date":"2025-05-24T08:57:04","date_gmt":"2025-05-24T15:57:04","guid":{"rendered":"https:\/\/rnoticias.com.mx\/Portal\/?p=219476"},"modified":"2025-05-24T08:57:04","modified_gmt":"2025-05-24T15:57:04","slug":"sesiona-en-sonora-conferencia-nacional-de-procuracion-de-justicia","status":"publish","type":"post","link":"https:\/\/rnoticias.com.mx\/Portal\/2025\/05\/24\/sesiona-en-sonora-conferencia-nacional-de-procuracion-de-justicia\/","title":{"rendered":"Sesiona en Sonora Conferencia Nacional de Procuraci\u00f3n de Justicia"},"content":{"rendered":"<p>Guaymas, Sonora, 23 de mayo de 2025.- Se realiza en Sonora la Primera Sesi\u00f3n Ordinaria 2025 de las zonas Noreste y Noroeste de la Conferencia Nacional de Procuraci\u00f3n de Justicia.<\/p>\n<p>Gustavo R\u00f3mulo Salas Ch\u00e1vez, Fiscal General de Sonora, destac\u00f3: \u201cEn Sonora, bajo el liderazgo del gobernador Alfonso Durazo, fincamos nuestro actuar en la autenticidad y la coherencia para alcanzar los objetivos que buscamos en materia de justicia y seguridad&#8221;.<\/p>\n<p>Por su parte, Adolfo Salazar Razo, Secretario de Gobierno de Sonora, subray\u00f3 el v\u00ednculo entre justicia y transformaci\u00f3n social, afirmando que no puede hablarse de transformaci\u00f3n sin justicia.<\/p>\n<p>&#8220;Nunca podremos hablar de transformaci\u00f3n si no es de la mano de la justicia&#8221;, afirm\u00f3.<\/p>\n<p>Por \u00faltimo, Germ\u00e1n Adolfo Castillo Baunet, Fiscal Especializado de Control Regional de la FGR, destac\u00f3 la importancia de la colaboraci\u00f3n entre las fiscal\u00edas estatales y la FGR.<\/p>\n<p>&#8220;Con coordinaci\u00f3n, colaboraci\u00f3n, inteligencia e investigaci\u00f3n, abatiremos la impunidad y construiremos un M\u00e9xico seguro y en paz&#8221;, afirm\u00f3.<\/p>\n<p>La sesi\u00f3n reforz\u00f3 los mecanismos de colaboraci\u00f3n para combatir la impunidad y fortalecer la seguridad en las regiones Noreste y Noroeste y de todo el pa\u00eds ya que asistieron fiscales y procuradores de justicia de toda la rep\u00fablica.<\/p>\n","protected":false},"excerpt":{"rendered":"<p>Guaymas, Sonora, 23 de mayo de 2025.- Se realiza en Sonora la Primera Sesi\u00f3n Ordinaria 2025 de las zonas Noreste y Noroeste de la Conferencia Nacional de Procuraci\u00f3n de Justicia. Gustavo R\u00f3mulo Salas Ch\u00e1vez, Fiscal General de Sonora, destac\u00f3: \u201cEn Sonora, bajo el liderazgo del gobernador Alfonso Durazo, fincamos nuestro actuar en la autenticidad y [&hellip;]<\/p>\n","protected":false},"author":2,"featured_media":219477,"comment_status":"closed","ping_status":"closed","sticky":false,"template":"","format":"standard","meta":{"footnotes":""},"categories":[12870,174],"tags":[12865,12873],"class_list":["post-219476","post","type-post","status-publish","format-standard","has-post-thumbnail","hentry","category-destacadas","category-estatal","tag-destacadas","tag-estatal"],"jetpack_featured_media_url":"https:\/\/rnoticias.com.mx\/Portal\/wp-content\/uploads\/2025\/05\/a67fda6b-3dbf-4eab-8799-ad08e0108929.jpg","amp_enabled":true,"_links":{"self":[{"href":"https:\/\/rnoticias.com.mx\/Portal\/wp-json\/wp\/v2\/posts\/219476","targetHints":{"allow":["GET"]}}],"collection":[{"href":"https:\/\/rnoticias.com.mx\/Portal\/wp-json\/wp\/v2\/posts"}],"about":[{"href":"https:\/\/rnoticias.com.mx\/Portal\/wp-json\/wp\/v2\/types\/post"}],"author":[{"embeddable":true,"href":"https:\/\/rnoticias.com.mx\/Portal\/wp-json\/wp\/v2\/users\/2"}],"replies":[{"embeddable":true,"href":"https:\/\/rnoticias.com.mx\/Portal\/wp-json\/wp\/v2\/comments?post=219476"}],"version-history":[{"count":1,"href":"https:\/\/rnoticias.com.mx\/Portal\/wp-json\/wp\/v2\/posts\/219476\/revisions"}],"predecessor-version":[{"id":219478,"href":"https:\/\/rnoticias.com.mx\/Portal\/wp-json\/wp\/v2\/posts\/219476\/revisions\/219478"}],"wp:featuredmedia":[{"embeddable":true,"href":"https:\/\/rnoticias.com.mx\/Portal\/wp-json\/wp\/v2\/media\/219477"}],"wp:attachment":[{"href":"https:\/\/rnoticias.com.mx\/Portal\/wp-json\/wp\/v2\/media?parent=219476"}],"wp:term":[{"taxonomy":"category","embeddable":true,"href":"https:\/\/rnoticias.com.mx\/Portal\/wp-json\/wp\/v2\/categories?post=219476"},{"taxonomy":"post_tag","embeddable":true,"href":"https:\/\/rnoticias.com.mx\/Portal\/wp-json\/wp\/v2\/tags?post=219476"}],"curies":[{"name":"wp","href":"https:\/\/api.w.org\/{rel}","templated":true}]}}