{"id":219464,"date":"2025-05-23T20:58:09","date_gmt":"2025-05-24T03:58:09","guid":{"rendered":"https:\/\/rnoticias.com.mx\/Portal\/?p=219464"},"modified":"2025-05-23T20:58:09","modified_gmt":"2025-05-24T03:58:09","slug":"gobierno-de-sonora-firma-convenio-con-sedema-en-favor-del-bienestar-animal","status":"publish","type":"post","link":"https:\/\/rnoticias.com.mx\/Portal\/2025\/05\/23\/gobierno-de-sonora-firma-convenio-con-sedema-en-favor-del-bienestar-animal\/","title":{"rendered":"Gobierno de Sonora firma convenio con Sedema en favor del bienestar animal"},"content":{"rendered":"<p align=\"justify\">Hermosillo, Sonora; 23 de mayo de 2025.- Con el prop\u00f3sito de fortalecer las acciones conjuntas en temas prioritarios como el manejo y medicina de fauna silvestre, bienestar animal, educaci\u00f3n ambiental, investigaci\u00f3n y conservaci\u00f3n, el Gobierno de Sonora, a trav\u00e9s de la Comisi\u00f3n de Ecolog\u00eda y Desarrollo Sustentable del Estado de Sonora, firm\u00f3 un Convenio General de Colaboraci\u00f3n con la Secretar\u00eda del Medio Ambiente de la Ciudad de M\u00e9xico (Sedema).<\/p>\n<p align=\"justify\">Este acuerdo tendr\u00e1 una vigencia hasta el 31 de diciembre de 2027, con posibilidad de renovaci\u00f3n, y establece bases de colaboraci\u00f3n t\u00e9cnica y cient\u00edfica que permitir\u00e1n el intercambio de experiencias, conocimientos y recursos entre ambas instituciones.<\/p>\n<p align=\"justify\">Entre las principales acciones acordadas destacan la capacitaci\u00f3n del personal en temas relacionados con la fauna silvestre, el intercambio de informaci\u00f3n y protocolos de manejo de especies, el dise\u00f1o de programas de intercambio de fauna con fines educativos, cient\u00edficos y reproductivos, y el desarrollo de proyectos conjuntos, incluyendo pruebas de laboratorio, de acuerdo con la capacidad humana y econ\u00f3mica disponible.<\/p>\n<p align=\"justify\">Este convenio representa un paso firme en el compromiso conjunto de proteger la biodiversidad, fomentar una cultura de respeto hacia la fauna y fortalecer la cooperaci\u00f3n interinstitucional en beneficio del medio ambiente.<\/p>\n","protected":false},"excerpt":{"rendered":"<p>Hermosillo, Sonora; 23 de mayo de 2025.- Con el prop\u00f3sito de fortalecer las acciones conjuntas en temas prioritarios como el manejo y medicina de fauna silvestre, bienestar animal, educaci\u00f3n ambiental, investigaci\u00f3n y conservaci\u00f3n, el Gobierno de Sonora, a trav\u00e9s de la Comisi\u00f3n de Ecolog\u00eda y Desarrollo Sustentable del Estado de Sonora, firm\u00f3 un Convenio General [&hellip;]<\/p>\n","protected":false},"author":2,"featured_media":219465,"comment_status":"closed","ping_status":"closed","sticky":false,"template":"","format":"standard","meta":{"footnotes":""},"categories":[178],"tags":[12869],"class_list":["post-219464","post","type-post","status-publish","format-standard","has-post-thumbnail","hentry","category-local","tag-local"],"jetpack_featured_media_url":"https:\/\/rnoticias.com.mx\/Portal\/wp-content\/uploads\/2025\/05\/unnamed-2-13.jpg","amp_enabled":true,"_links":{"self":[{"href":"https:\/\/rnoticias.com.mx\/Portal\/wp-json\/wp\/v2\/posts\/219464","targetHints":{"allow":["GET"]}}],"collection":[{"href":"https:\/\/rnoticias.com.mx\/Portal\/wp-json\/wp\/v2\/posts"}],"about":[{"href":"https:\/\/rnoticias.com.mx\/Portal\/wp-json\/wp\/v2\/types\/post"}],"author":[{"embeddable":true,"href":"https:\/\/rnoticias.com.mx\/Portal\/wp-json\/wp\/v2\/users\/2"}],"replies":[{"embeddable":true,"href":"https:\/\/rnoticias.com.mx\/Portal\/wp-json\/wp\/v2\/comments?post=219464"}],"version-history":[{"count":1,"href":"https:\/\/rnoticias.com.mx\/Portal\/wp-json\/wp\/v2\/posts\/219464\/revisions"}],"predecessor-version":[{"id":219466,"href":"https:\/\/rnoticias.com.mx\/Portal\/wp-json\/wp\/v2\/posts\/219464\/revisions\/219466"}],"wp:featuredmedia":[{"embeddable":true,"href":"https:\/\/rnoticias.com.mx\/Portal\/wp-json\/wp\/v2\/media\/219465"}],"wp:attachment":[{"href":"https:\/\/rnoticias.com.mx\/Portal\/wp-json\/wp\/v2\/media?parent=219464"}],"wp:term":[{"taxonomy":"category","embeddable":true,"href":"https:\/\/rnoticias.com.mx\/Portal\/wp-json\/wp\/v2\/categories?post=219464"},{"taxonomy":"post_tag","embeddable":true,"href":"https:\/\/rnoticias.com.mx\/Portal\/wp-json\/wp\/v2\/tags?post=219464"}],"curies":[{"name":"wp","href":"https:\/\/api.w.org\/{rel}","templated":true}]}}