{"id":219461,"date":"2025-05-23T20:57:07","date_gmt":"2025-05-24T03:57:07","guid":{"rendered":"https:\/\/rnoticias.com.mx\/Portal\/?p=219461"},"modified":"2025-05-23T20:57:07","modified_gmt":"2025-05-24T03:57:07","slug":"capacita-gobierno-de-sonora-a-docentes-de-educacion-fisica-para-innovar-la-clase","status":"publish","type":"post","link":"https:\/\/rnoticias.com.mx\/Portal\/2025\/05\/23\/capacita-gobierno-de-sonora-a-docentes-de-educacion-fisica-para-innovar-la-clase\/","title":{"rendered":"Capacita Gobierno de Sonora a docentes de Educaci\u00f3n F\u00edsica para innovar la clase"},"content":{"rendered":"<p align=\"justify\">Hermosillo, Sonora; 23 de mayo de 2025.- Con el prop\u00f3sito de brindar a las y los maestros herramientas concretas, metodolog\u00edas actualizadas y estrategias efectivas para que el deporte se convierta en un veh\u00edculo poderoso de formaci\u00f3n, el Gobierno de Sonora capacit\u00f3 a docentes de Educaci\u00f3n F\u00edsica que forman parte del programa Escuela Activa.<\/p>\n<p align=\"justify\">A trav\u00e9s de la Secretar\u00eda de Educaci\u00f3n y Cultura (SEC), en coordinaci\u00f3n con la Comisi\u00f3n del Deporte del Estado de Sonora (Codeson), se presentaron a los docentes nuevas propuestas que les permitir\u00e1n mejorar las sesiones deportivas, espec\u00edficamente en disciplinas como el basquetbol 3&#215;3 y el voleibol, fomentando en el alumnado estilos de vida saludables.<\/p>\n<p align=\"justify\">En representaci\u00f3n del titular de la SEC, Froyl\u00e1n G\u00e1mez Gamboa, la subsecretaria de Educaci\u00f3n B\u00e1sica, Beatriz Cota Ponce, alent\u00f3 a docentes y supervisores escolares de Educaci\u00f3n F\u00edsica a facilitar el acercamiento de los estudiantes a la pr\u00e1ctica de actividades f\u00edsicas.<\/p>\n<p align=\"justify\">La capacitaci\u00f3n tambi\u00e9n forma parte de los esfuerzos del gobernador Alfonso Durazo por fomentar el crecimiento profesional del magisterio, lo que a su vez incrementa su motivaci\u00f3n y satisfacci\u00f3n en el desempe\u00f1o de su labor.<\/p>\n<p align=\"justify\">El programa Escuela Activa busca promover estilos de vida saludables, el aprecio por las artes y el desarrollo de ambientes innovadores para el aprendizaje en horario ampliado, haciendo uso eficiente de la infraestructura educativa y respondiendo a las necesidades educativas actuales, ampliando el aprendizaje m\u00e1s all\u00e1 de los horarios regulares.<\/p>\n<p align=\"justify\">Adem\u00e1s de la capacitaci\u00f3n, se entreg\u00f3 material deportivo para el desarrollo de las clases, as\u00ed como uniformes para las y los docentes.<\/p>\n","protected":false},"excerpt":{"rendered":"<p>Hermosillo, Sonora; 23 de mayo de 2025.- Con el prop\u00f3sito de brindar a las y los maestros herramientas concretas, metodolog\u00edas actualizadas y estrategias efectivas para que el deporte se convierta en un veh\u00edculo poderoso de formaci\u00f3n, el Gobierno de Sonora capacit\u00f3 a docentes de Educaci\u00f3n F\u00edsica que forman parte del programa Escuela Activa. A trav\u00e9s [&hellip;]<\/p>\n","protected":false},"author":2,"featured_media":219462,"comment_status":"closed","ping_status":"closed","sticky":false,"template":"","format":"standard","meta":{"footnotes":""},"categories":[178],"tags":[12869],"class_list":["post-219461","post","type-post","status-publish","format-standard","has-post-thumbnail","hentry","category-local","tag-local"],"jetpack_featured_media_url":"https:\/\/rnoticias.com.mx\/Portal\/wp-content\/uploads\/2025\/05\/unnamed-1-40.jpg","amp_enabled":true,"_links":{"self":[{"href":"https:\/\/rnoticias.com.mx\/Portal\/wp-json\/wp\/v2\/posts\/219461","targetHints":{"allow":["GET"]}}],"collection":[{"href":"https:\/\/rnoticias.com.mx\/Portal\/wp-json\/wp\/v2\/posts"}],"about":[{"href":"https:\/\/rnoticias.com.mx\/Portal\/wp-json\/wp\/v2\/types\/post"}],"author":[{"embeddable":true,"href":"https:\/\/rnoticias.com.mx\/Portal\/wp-json\/wp\/v2\/users\/2"}],"replies":[{"embeddable":true,"href":"https:\/\/rnoticias.com.mx\/Portal\/wp-json\/wp\/v2\/comments?post=219461"}],"version-history":[{"count":1,"href":"https:\/\/rnoticias.com.mx\/Portal\/wp-json\/wp\/v2\/posts\/219461\/revisions"}],"predecessor-version":[{"id":219463,"href":"https:\/\/rnoticias.com.mx\/Portal\/wp-json\/wp\/v2\/posts\/219461\/revisions\/219463"}],"wp:featuredmedia":[{"embeddable":true,"href":"https:\/\/rnoticias.com.mx\/Portal\/wp-json\/wp\/v2\/media\/219462"}],"wp:attachment":[{"href":"https:\/\/rnoticias.com.mx\/Portal\/wp-json\/wp\/v2\/media?parent=219461"}],"wp:term":[{"taxonomy":"category","embeddable":true,"href":"https:\/\/rnoticias.com.mx\/Portal\/wp-json\/wp\/v2\/categories?post=219461"},{"taxonomy":"post_tag","embeddable":true,"href":"https:\/\/rnoticias.com.mx\/Portal\/wp-json\/wp\/v2\/tags?post=219461"}],"curies":[{"name":"wp","href":"https:\/\/api.w.org\/{rel}","templated":true}]}}