{"id":219390,"date":"2025-05-23T10:25:52","date_gmt":"2025-05-23T17:25:52","guid":{"rendered":"https:\/\/rnoticias.com.mx\/Portal\/?p=219390"},"modified":"2025-05-23T10:25:52","modified_gmt":"2025-05-23T17:25:52","slug":"invita-gobierno-de-sonora-a-tramitar-titulacion-y-cedula-profesional-en-cecyte-sonora","status":"publish","type":"post","link":"https:\/\/rnoticias.com.mx\/Portal\/2025\/05\/23\/invita-gobierno-de-sonora-a-tramitar-titulacion-y-cedula-profesional-en-cecyte-sonora\/","title":{"rendered":"Invita Gobierno de Sonora a tramitar titulaci\u00f3n y c\u00e9dula profesional en Cecyte Sonora"},"content":{"rendered":"<p align=\"justify\">Hermosillo, Sonora; 23 de mayo de 2025.- El Gobierno de Sonora, a trav\u00e9s del Colegio de Estudios Cient\u00edficos y Tecnol\u00f3gicos del Estado de Sonora (Cecyte), invita a las y los estudiantes pr\u00f3ximos a egresar a iniciar su tr\u00e1mite de titulaci\u00f3n y c\u00e9dula profesional, documentos que certifican formalmente su preparaci\u00f3n t\u00e9cnica y les otorgan mayor valor y competitividad en el mercado laboral.<\/p>\n<p align=\"justify\">Este a\u00f1o egresar\u00e1n del subsistema cinco mil 628 j\u00f3venes, quienes, al contar con estos documentos, podr\u00e1n validar oficialmente sus conocimientos y habilidades en diversas \u00e1reas t\u00e9cnicas. Adem\u00e1s, se refuerza as\u00ed la importancia de la educaci\u00f3n t\u00e9cnica como motor de inclusi\u00f3n, desarrollo social y crecimiento econ\u00f3mico de la entidad.<\/p>\n<p align=\"justify\">Blanca Aurelia Valenzuela, directora general de Cecyte Sonora, detall\u00f3 que en el estado operan 31 planteles de bachillerato tecnol\u00f3gico, 20 Centros de Educaci\u00f3n Media Superior a Distancia (EMSaD) y 34 Telebachilleratos Comunitarios (TBC), distribuidos estrat\u00e9gicamente, donde actualmente se imparten 24 especialidades t\u00e9cnicas.<\/p>\n<p align=\"justify\">Asimismo, se incorporaron siete nuevas carreras: Recursos H\u00eddricos, Refrigeraci\u00f3n y Aire Acondicionado, Fuentes Alternas de Energ\u00eda, Horticultura Sustentable, Autotr\u00f3nica, Producci\u00f3n e Industrializaci\u00f3n del Agave, y Miner\u00eda, ampliando as\u00ed la oferta acad\u00e9mica acorde a las necesidades regionales y del sector productivo.<\/p>\n<p align=\"justify\">Las ceremonias de graduaci\u00f3n de Cecyte Sonora se llevar\u00e1n a cabo del 5 al 27 de junio, marcando el cierre del ciclo escolar actual. El nuevo ciclo iniciar\u00e1 en agosto, posterior a la asignaci\u00f3n de espacios derivada del proceso PrepaSon 2025.<\/p>\n<p align=\"justify\">Se invita a todas y todos los egresados a acercarse a su plantel correspondiente para iniciar el tr\u00e1mite de titulaci\u00f3n y c\u00e9dula profesional, y con ello continuar avanzando en su formaci\u00f3n acad\u00e9mica y profesional.<\/p>\n","protected":false},"excerpt":{"rendered":"<p>Hermosillo, Sonora; 23 de mayo de 2025.- El Gobierno de Sonora, a trav\u00e9s del Colegio de Estudios Cient\u00edficos y Tecnol\u00f3gicos del Estado de Sonora (Cecyte), invita a las y los estudiantes pr\u00f3ximos a egresar a iniciar su tr\u00e1mite de titulaci\u00f3n y c\u00e9dula profesional, documentos que certifican formalmente su preparaci\u00f3n t\u00e9cnica y les otorgan mayor valor [&hellip;]<\/p>\n","protected":false},"author":2,"featured_media":219391,"comment_status":"closed","ping_status":"closed","sticky":false,"template":"","format":"standard","meta":{"footnotes":""},"categories":[12870,178],"tags":[12865,12869],"class_list":["post-219390","post","type-post","status-publish","format-standard","has-post-thumbnail","hentry","category-destacadas","category-local","tag-destacadas","tag-local"],"jetpack_featured_media_url":"https:\/\/rnoticias.com.mx\/Portal\/wp-content\/uploads\/2025\/05\/unnamed-2-12.jpg","amp_enabled":true,"_links":{"self":[{"href":"https:\/\/rnoticias.com.mx\/Portal\/wp-json\/wp\/v2\/posts\/219390","targetHints":{"allow":["GET"]}}],"collection":[{"href":"https:\/\/rnoticias.com.mx\/Portal\/wp-json\/wp\/v2\/posts"}],"about":[{"href":"https:\/\/rnoticias.com.mx\/Portal\/wp-json\/wp\/v2\/types\/post"}],"author":[{"embeddable":true,"href":"https:\/\/rnoticias.com.mx\/Portal\/wp-json\/wp\/v2\/users\/2"}],"replies":[{"embeddable":true,"href":"https:\/\/rnoticias.com.mx\/Portal\/wp-json\/wp\/v2\/comments?post=219390"}],"version-history":[{"count":1,"href":"https:\/\/rnoticias.com.mx\/Portal\/wp-json\/wp\/v2\/posts\/219390\/revisions"}],"predecessor-version":[{"id":219392,"href":"https:\/\/rnoticias.com.mx\/Portal\/wp-json\/wp\/v2\/posts\/219390\/revisions\/219392"}],"wp:featuredmedia":[{"embeddable":true,"href":"https:\/\/rnoticias.com.mx\/Portal\/wp-json\/wp\/v2\/media\/219391"}],"wp:attachment":[{"href":"https:\/\/rnoticias.com.mx\/Portal\/wp-json\/wp\/v2\/media?parent=219390"}],"wp:term":[{"taxonomy":"category","embeddable":true,"href":"https:\/\/rnoticias.com.mx\/Portal\/wp-json\/wp\/v2\/categories?post=219390"},{"taxonomy":"post_tag","embeddable":true,"href":"https:\/\/rnoticias.com.mx\/Portal\/wp-json\/wp\/v2\/tags?post=219390"}],"curies":[{"name":"wp","href":"https:\/\/api.w.org\/{rel}","templated":true}]}}