{"id":219384,"date":"2025-05-23T10:23:23","date_gmt":"2025-05-23T17:23:23","guid":{"rendered":"https:\/\/rnoticias.com.mx\/Portal\/?p=219384"},"modified":"2025-05-23T10:23:23","modified_gmt":"2025-05-23T17:23:23","slug":"agentes-de-migracion-sacan-a-la-fuerza-a-baterista-mexicano-de-un-avion-en-texas","status":"publish","type":"post","link":"https:\/\/rnoticias.com.mx\/Portal\/2025\/05\/23\/agentes-de-migracion-sacan-a-la-fuerza-a-baterista-mexicano-de-un-avion-en-texas\/","title":{"rendered":"Agentes de migraci\u00f3n sacan a la fuerza a baterista mexicano de un avi\u00f3n en Texas"},"content":{"rendered":"<p>La banda de rock estadounidense\u00a0<strong>Lord Buffalo cancel\u00f3 su gira\u00a0<\/strong>por Europa luego de que su baterista mexicano fuera sacado a la fuerza por agentes de Migraci\u00f3n de un avi\u00f3n en Texas, Estados Unidos,\u00a0cuando el grupo\u00a0<strong>se dispon\u00eda a viajar a los Pa\u00edses Bajos<\/strong>, donde comenzar\u00edan sus conciertos, informaron hoy medios locales.<\/p>\n<p>De acuerdo con la banda, el baterista, Yamil Said, es un residente permanente de Estados Unidos, y fue detenido en el aeropuerto de Dallas.<\/p>\n<p>\u00abNuestro baterista, que\u00a0<strong>es ciudadano mexicano y residente permanente\u00a0<\/strong>legal de los Estados Unidos (titular de la tarjeta verde), fue sacado a la fuerza de nuestro vuelo a Europa por parte de Aduanas y Patrulla Fronteriza, en el aeropuerto internacional de Dallas\/Fort Worth el lunes 12 de mayo\u00bb, indic\u00f3 el grupo ayer en las redes sociales.<\/p>\n<div class=\"container\">\n<p>Los otros integrantes de Lord Buffalo, Daniel Jesse Pruitt, Garrett Jeffrey Hellman y Patrick John Pattersloh, aseguraron estar \u00abdevastados\u00bb por no poder presentarse ante sus seguidores en Europa, pero dijeron que\u00a0<strong>centrar\u00e1n su \u00abenerg\u00eda en la seguridad y la libertad de Yamal\u00bb.<\/strong><\/p>\n<p>Los m\u00fasicos han mantenido informado al p\u00fablico de lo que ocurre y han se\u00f1alado que su compa\u00f1ero de banda ya cuenta con representaci\u00f3n legal y que ahora est\u00e1n \u00abesperando ver qu\u00e9 suceder\u00e1\u00bb.<\/p>\n<p>\u00abQueremos reiterar que realmente\u00a0<strong>no sabemos qu\u00e9 est\u00e1 pasando.<\/strong>\u00a0Tenemos m\u00e1s preguntas que respuestas, pero los mantendremos informados lo mejor que podamos. Por el momento, la familia solicita privacidad mientras gestiona la situaci\u00f3n\u00bb, indicaron, y agradecieron al p\u00fablico por su apoyo.<\/p>\n<p>\u00abCompartiremos novedades de la familia cuando podamos\u00bb, agregaron en sus mensajes en redes sociales.<\/p>\n<\/div>\n","protected":false},"excerpt":{"rendered":"<p>La banda de rock estadounidense\u00a0Lord Buffalo cancel\u00f3 su gira\u00a0por Europa luego de que su baterista mexicano fuera sacado a la fuerza por agentes de Migraci\u00f3n de un avi\u00f3n en Texas, Estados Unidos,\u00a0cuando el grupo\u00a0se dispon\u00eda a viajar a los Pa\u00edses Bajos, donde comenzar\u00edan sus conciertos, informaron hoy medios locales. De acuerdo con la banda, el [&hellip;]<\/p>\n","protected":false},"author":2,"featured_media":219385,"comment_status":"closed","ping_status":"closed","sticky":false,"template":"","format":"standard","meta":{"footnotes":""},"categories":[12870,219],"tags":[12865,12875],"class_list":["post-219384","post","type-post","status-publish","format-standard","has-post-thumbnail","hentry","category-destacadas","category-espectaculos","tag-destacadas","tag-espectaculos"],"jetpack_featured_media_url":"https:\/\/rnoticias.com.mx\/Portal\/wp-content\/uploads\/2025\/05\/lord-buffalo-24573472498-o-scaled.jpg","amp_enabled":true,"_links":{"self":[{"href":"https:\/\/rnoticias.com.mx\/Portal\/wp-json\/wp\/v2\/posts\/219384","targetHints":{"allow":["GET"]}}],"collection":[{"href":"https:\/\/rnoticias.com.mx\/Portal\/wp-json\/wp\/v2\/posts"}],"about":[{"href":"https:\/\/rnoticias.com.mx\/Portal\/wp-json\/wp\/v2\/types\/post"}],"author":[{"embeddable":true,"href":"https:\/\/rnoticias.com.mx\/Portal\/wp-json\/wp\/v2\/users\/2"}],"replies":[{"embeddable":true,"href":"https:\/\/rnoticias.com.mx\/Portal\/wp-json\/wp\/v2\/comments?post=219384"}],"version-history":[{"count":1,"href":"https:\/\/rnoticias.com.mx\/Portal\/wp-json\/wp\/v2\/posts\/219384\/revisions"}],"predecessor-version":[{"id":219386,"href":"https:\/\/rnoticias.com.mx\/Portal\/wp-json\/wp\/v2\/posts\/219384\/revisions\/219386"}],"wp:featuredmedia":[{"embeddable":true,"href":"https:\/\/rnoticias.com.mx\/Portal\/wp-json\/wp\/v2\/media\/219385"}],"wp:attachment":[{"href":"https:\/\/rnoticias.com.mx\/Portal\/wp-json\/wp\/v2\/media?parent=219384"}],"wp:term":[{"taxonomy":"category","embeddable":true,"href":"https:\/\/rnoticias.com.mx\/Portal\/wp-json\/wp\/v2\/categories?post=219384"},{"taxonomy":"post_tag","embeddable":true,"href":"https:\/\/rnoticias.com.mx\/Portal\/wp-json\/wp\/v2\/tags?post=219384"}],"curies":[{"name":"wp","href":"https:\/\/api.w.org\/{rel}","templated":true}]}}